{"id":2984,"date":"2020-10-17T15:58:06","date_gmt":"2020-10-17T15:58:06","guid":{"rendered":"https:\/\/tvc16.com\/portal\/?p=2984"},"modified":"2020-10-17T15:58:06","modified_gmt":"2020-10-17T15:58:06","slug":"comercio-local-e-aposta-de-municipios-para-valorizar-cultura-e-retomar-economia","status":"publish","type":"post","link":"https:\/\/tvc16.com\/portal\/2020\/10\/17\/comercio-local-e-aposta-de-municipios-para-valorizar-cultura-e-retomar-economia\/","title":{"rendered":"Com\u00e9rcio local \u00e9 aposta de munic\u00edpios para valorizar cultura e retomar economia"},"content":{"rendered":"\n<p><\/p>\n\n\n\n<p>Brasileiro tem mesmo fama de povo que n\u00e3o desiste e n\u00e3o deixa a peteca cair. Wellington Barbosa do Nascimento \u00e9 o retrato dessa f\u00e9 que tudo vai dar certo. Aos 61 anos, o morador de Campina Grande (PB) viu seu com\u00e9rcio de latic\u00ednios, que abriu h\u00e1 36 anos, come\u00e7ar a ir mal das pernas. Com a pandemia, \u201cseu\u201d Wellington teve que se reinventar para que seus queijos, doces, castanhas e bolos continuassem lhe dando esperan\u00e7a.&nbsp;<\/p>\n\n\n\n<p>\u201cO efeito da pandemia foi muito cruel. Sofri muito, fui pego de surpresa, mas fui saindo aos poucos\u201d, lembra. Ele conta que as vendas come\u00e7aram a cair, mas foi a\u00ed que surgiu a ideia de ir atr\u00e1s dos clientes j\u00e1 cativos. \u201cA cidade entrou em lockdown por v\u00e1rios dias e, nesse per\u00edodo, eu tive que me reinventar. Criei outro canal de venda, por meio do delivery, que permanece at\u00e9 hoje. Foi como eu pude sair dessa crise. Tinha uma lista com nome e telefone de muitos clientes, fui atr\u00e1s deles, ligando.\u201d<\/p>\n\n\n\n<p>Mesmo no centro da cidade de Campina Grande, a lojinha do \u201cseu\u201d Wellington ainda guarda um ar de casa de v\u00f3. \u201cO pessoal aqui \u00e9 muito fam\u00edlia, muito local. Ent\u00e3o todos permaneceram comprando da mesma maneira no meu estabelecimento, prestigiando a cidade. Foi como sobrevivemos.\u201d&nbsp;<\/p>\n\n\n\n<p>Ele relata que o Servi\u00e7o Brasileiro de Apoio \u00e0s Micro e Pequenas Empresas (Sebrae) local deu uma for\u00e7a nos neg\u00f3cios e o ajudou a se reinventar. \u201cE estou me saindo muito bem, estou recuperando j\u00e1 o que perdi no per\u00edodo de lockdown\u201d, comemora.&nbsp;<\/p>\n\n\n\n<figure class=\"wp-block-embed-youtube wp-block-embed is-type-rich is-provider-incorporar-manipulador wp-embed-aspect-16-9 wp-has-aspect-ratio\"><div class=\"wp-block-embed__wrapper\">\n<iframe loading=\"lazy\" title=\"Com\u00e9rcio local \u00e9 aposta de munic\u00edpios para valorizar cultura e retomar economia\" width=\"640\" height=\"360\" src=\"https:\/\/www.youtube.com\/embed\/9FNldGDggSU?feature=oembed\" frameborder=\"0\" allow=\"accelerometer; autoplay; clipboard-write; encrypted-media; gyroscope; picture-in-picture; web-share\" referrerpolicy=\"strict-origin-when-cross-origin\" allowfullscreen><\/iframe>\n<\/div><\/figure>\n\n\n\n<p>Segundo dados do Sebrae, 99% do total de empresas no Brasil hoje s\u00e3o de micro e pequenos neg\u00f3cios. Para ser considerada uma microempresa, o faturamento n\u00e3o pode ultrapassar os R$ 360 mil anuais (exceto os MEIs, que t\u00eam limite de R$ 81 mil). Os pequenos ficam na faixa de R$ 360 mil a R$ 4,8 milh\u00f5es ao ano. \u00c9 um setor que vem crescendo e promete impulsionar a retomada econ\u00f4mica no Pa\u00eds, especialmente ap\u00f3s os fortes impactos da pandemia do novo coronav\u00edrus.&nbsp;<\/p>\n\n\n\n<p>Os micro e pequenos produtores s\u00e3o os que mais empregam brasileiros, segundo dados coletados pelo Servi\u00e7o Brasileiro de Apoio \u00e0s Micro e Pequenas Empresas (Sebrae) a partir do Anu\u00e1rio do Trabalho (2016). Quase 55% dos empregos formais, com carteira assinada, v\u00eam dos com\u00e9rcios e servi\u00e7os locais. \u201cEu tenho um motoboy que me ajuda no delivery\u201d, destaca Wellington Barbosa do Nascimento.&nbsp;<\/p>\n\n\n\n<p>Para o presidente do Sebrae, Carlos Melles, \u00e9 preciso valorizar cada vez mais quem vende no bairro. &nbsp;\u201cA micro e pequena empresa, no Brasil e no mundo inteiro, \u00e9 a teia que sustenta qualquer pa\u00eds. \u00c9 a padaria, a loja de roupa, todos os segmentos da sociedade. O Brasil vem aperfei\u00e7oando esse ambiente de melhoria de conviv\u00eancia com a micro e pequena empresa\u201d, garante Melles.&nbsp;<\/p>\n\n\n\n<p>Segundo ele, a entidade representa, hoje, cerca de sete milh\u00f5es de micro e pequenas empresas e 11 milh\u00f5es de microempreendedores individuais (MEIs). \u201cNesse setor, tamb\u00e9m se fatura aproximadamente 30% da riqueza do Brasil\u201d, revela.&nbsp;<\/p>\n\n\n\n<p>O diferencial durante esse tempo de crise pelo qual o mundo inteiro passa, de acordo com Melles, foi aliar v\u00e1rios pontos a fim de reerguer os brasileiros. \u201cUm dos diferenciais foi a gente fazer uma campanha maci\u00e7a de \u2018compre do pequeno\u2019, \u2018compre no seu bairro\u2019, \u2018compre de quem est\u00e1 pr\u00f3ximo de voc\u00ea\u2019\u201d, diz.&nbsp;<\/p>\n\n\n\n<figure class=\"wp-block-image\"><img decoding=\"async\" src=\"\/\/s3-sa-east-1.amazonaws.com\/agencia-radio-arb\/3025\/content_pqnos-negocios_%281%29.png\" alt=\"\" title=\"Cria\u00e7\u00e3o: \u00c9rica Passos\"\/><\/figure>\n\n\n\n<p>Uma das dicas que Melles tamb\u00e9m d\u00e1 \u00e9 sobre a fideliza\u00e7\u00e3o do cliente, assim como fez Wellington, quando pegou a antiga lista e procurou os clientes para fazer entregas em casa.&nbsp;<\/p>\n\n\n\n<p>\u201cNesse aspecto, o \u2018chacoalh\u00e3o\u2019 que a crise deu trouxe reflex\u00f5es que v\u00e3o melhorar muito a vida do pequeno e do microempres\u00e1rio. Primeiro, ser mais solid\u00e1rio, trazer mais aten\u00e7\u00e3o e zelo com o cliente. Os protocolos est\u00e3o levando para esse lado, de fidelizar o cliente, zelar pelo cliente, tratar bem o cliente. Ter cuidado com os funcion\u00e1rios, com a vida deles, com a limpeza e higieniza\u00e7\u00e3o dos seus produtos. Ou seja, cuidar dos clientes para voc\u00ea ter uma fideliza\u00e7\u00e3o que te d\u00ea uma resposta na sa\u00edda da pandemia\u201d, alerta o presidente do Sebrae. &nbsp;&nbsp;<\/p>\n\n\n\n<p>Foi o que fez o comerciante de Campina Grande. \u201cAproveitei os 36 anos de com\u00e9rcio para consolidar ainda mais a minha clientela. Foi quando vi que dava para sair dessa. Se estou h\u00e1 tanto tempo no mesmo ramo \u00e9 porque tenho credibilidade. Foi minha salva\u00e7\u00e3o\u201d, refor\u00e7a Wellington.&nbsp;<\/p>\n\n\n\n<h2 class=\"wp-block-heading\">Tecnologia<\/h2>\n\n\n\n<p>No Distrito Federal, a empres\u00e1ria do ramo de moda feminina Jana\u00edna Patriolino diz que o que ajudou a manter os neg\u00f3cios em meio \u00e0 pandemia, al\u00e9m da fideliza\u00e7\u00e3o dos clientes, foi a tecnologia e os aplicativos de troca de mensagens. \u201cA tecnologia foi primordial. J\u00e1 t\u00ednhamos trabalhado com WhatsApp, mas nessa pandemia foi nosso carro-chefe. Sem isso, n\u00f3s ter\u00edamos sucumbido. Fizemos muitas vendas por l\u00e1\u201d, comemora.&nbsp;<\/p>\n\n\n\n<p>De acordo com Jana\u00edna, cerca de 70% das vendas da loja dela, localizada na regi\u00e3o administrativa de Ceil\u00e2ndia, \u00e9 feita pelo aplicativo. \u201cAinda n\u00e3o fazemos vendas on-line, ent\u00e3o o cliente entra em contato e vamos at\u00e9 eles.\u201d&nbsp;<\/p>\n\n\n\n<p>Ela sentiu que os clientes focaram mais nos neg\u00f3cios locais por medo de se deslocarem para lugares mais distantes. \u201cFoi positivo para n\u00f3s, para que a gente permane\u00e7a\u201d, avalia Jana\u00edna.&nbsp;<\/p>\n\n\n\n<p>O gerente da unidade de Desenvolvimento Territorial do Sebrae, Paulo Miotta, explica como as prefeituras e governos locais podem incentivar os pequenos neg\u00f3cios.&nbsp;<\/p>\n\n\n\n<p>\u201cPrimeiro, organizar o plano de compras da prefeitura. Segundo, capacitar os pregoeiros, esclarecer sobre as leis, termos de refer\u00eancia, porque tem legisla\u00e7\u00e3o para isso. Outra coisa \u00e9 o preg\u00e3o eletr\u00f4nico como plataforma de compras\u201d, elenca. \u201cAgora uma coisa que precisa se prestar muita aten\u00e7\u00e3o \u00e9 a capacita\u00e7\u00e3o dos pequenos, porque muitas vezes voc\u00ea prepara o ambiente da prefeitura e o pequeno n\u00e3o sabe o que fazer, porque tem burocracia\u201d, alerta.&nbsp;<\/p>\n\n\n\n<p><strong><a href=\"https:\/\/brasil61.com\/noticias\/sebrae-aposta-em-ideias-empreendedoras-para-os-candidatos-para-retomada-da-economia-pelo-brasil-sebr200009\" target=\"_blank\" rel=\"noreferrer noopener\">Sebrae aposta em ideias empreendedoras para os candidatos para retomada da economia pelo Brasil<\/a><\/strong><\/p>\n\n\n\n<p><strong><a href=\"https:\/\/brasil61.com\/noticias\/geracao-de-mais-emprego-comeca-com-a-educacao-empreendedora-nas-escolas-sebr200008\" target=\"_blank\" rel=\"noreferrer noopener\">Gera\u00e7\u00e3o de mais emprego come\u00e7a com a educa\u00e7\u00e3o empreendedora nas escolas<\/a><\/strong><\/p>\n\n\n\n<p><strong><a href=\"https:\/\/brasil61.com\/noticias\/desburocratizacao-para-micro-e-pequenos-negocios-pode-dar-folego-a-economia-no-pos-pandemia-sebr200007\" target=\"_blank\" rel=\"noreferrer noopener\">Desburocratiza\u00e7\u00e3o para micro e pequenos neg\u00f3cios pode dar f\u00f4lego \u00e0 economia no p\u00f3s-pandemia<\/a><\/strong><\/p>\n\n\n\n<p>Fl\u00e1vio Mikami, especialista em economia criativa e empreendedor, acredita que esse movimento de comprar dos pequenos produtores \u00e9 importante para a economia brasileira, uma vez que 30% do Produto Interno Bruto (PIB) s\u00e3o representados pelas micro e pequenas empresas.&nbsp;<\/p>\n\n\n\n<p>\u201cComprar do pequeno produtor vem num momento muito apropriado, j\u00e1 que o governo n\u00e3o conseguiu ajudar todo o segmento. Ent\u00e3o, mais do que nunca, a movimenta\u00e7\u00e3o do consumo interno \u00e9 fundamental para a sobreviv\u00eancia dos neg\u00f3cios, manuten\u00e7\u00e3o dos empregos e o aquecimento do mercado.\u201d&nbsp;<\/p>\n\n\n\n<p>Com esse cen\u00e1rio e com dicas para crescer cada vez mais, o paraibano Wellington Barbosa do Nascimento tem um recado: \u201cEu me acho um vencedor. Eu n\u00e3o cruzo os bra\u00e7os, sempre estou inventando uma coisa e outra para n\u00e3o deixar a peteca cair. Com f\u00e9 em Deus que vai dar tudo certo.\u201d&nbsp;<\/p>\n\n\n\n<h2 class=\"wp-block-heading\">Apoio ao gestor empreendedor&nbsp;<\/h2>\n\n\n\n<p>Comprar nos munic\u00edpios e valorizar a cultura local \u00e9 uma das dicas que podem ser inseridas nas propostas de governo dos (as) futuros (as) prefeitos (as) e vereadores (as) que ser\u00e3o escolhidos em novembro deste ano, nas elei\u00e7\u00f5es municipais. A ideia do Sebrae, em parceria com v\u00e1rias entidades, \u00e9 inserir a pauta do empreendedorismo nas campanhas.&nbsp;<\/p>\n\n\n\n<p>O que se espera \u00e9 que os novos gestores (as) incluam o desenvolvimento econ\u00f4mico na agenda de prioridades da gest\u00e3o do munic\u00edpio; construam fortes parcerias com o setor produtivo; invistam em programa de desenvolvimento a partir das voca\u00e7\u00f5es e oportunidades do munic\u00edpio e regi\u00e3o e estimulem e facilitem a formaliza\u00e7\u00e3o de empreendimentos e de MEIs. &nbsp;<\/p>\n\n\n\n<figure class=\"wp-block-image\"><img decoding=\"async\" src=\"\/\/s3-sa-east-1.amazonaws.com\/agencia-radio-arb\/3026\/content_sebrae_%282%29.png\" alt=\"\" title=\"Cria\u00e7\u00e3o: \u00c9rica Passos \"\/><\/figure>\n\n\n\n<p>Essas e outras dicas est\u00e3o no documento \u201c<a href=\"https:\/\/www.sebrae.com.br\/Sebrae\/Portal%20Sebrae\/Sites%20Modulares\/Agentes%20P%C3%BAblicos\/Guia%20de%20Empreendedorismo%20do%20Candidato.pdf\" target=\"_blank\" rel=\"noreferrer noopener\">Seja um candidato empreendedor \u2013 10 dicas do Sebrae<\/a>\u201d, lan\u00e7ado no final de setembro. Na dica n\u00famero cinco, que incentiva as compras locais, a entidade sugere que os novos (as) gestores (as) &nbsp;deem prefer\u00eancia aos pequenos neg\u00f3cios locais e regionais nas compras do munic\u00edpio; adquiram produtos da agricultura familiar para a merenda escolar, contratem microempreendedores individuais para realizar pequenos reparos e servi\u00e7os diversos em pr\u00e9dios e espa\u00e7os p\u00fablicos; promovam campanhas de valoriza\u00e7\u00e3o de compras no com\u00e9rcio local e apoiem a organiza\u00e7\u00e3o de feiras livres de produtos locais e da agricultura familiar.&nbsp;<\/p>\n\n\n\n<p>O guia \u00e9 uma iniciativa do Sebrae com apoio da Frente Parlamentar Mista da Micro e Pequena Empresa, da Frente Nacional de Prefeitos (FNP), da Confedera\u00e7\u00e3o Nacional dos Munic\u00edpios (CNM), do Instituto Rui Barbosa, com a Associa\u00e7\u00e3o Nacional dos Membros do Minist\u00e9rio P\u00fablico, e da Associa\u00e7\u00e3o dos Membros dos Tribunais de Contas do Brasil.&nbsp;<\/p>\n\n\n\n<p>Fonte: <a href=\"https:\/\/brasil61.com\/noticias\/comercio-local-e-aposta-de-municipios-para-valorizar-cultura-e-retomar-economia-sebr200011?email=bethdeoliveira@yahoo.com.br&amp;utm_source=email_individual&amp;utm_medium=email_individual&amp;utm_campaign=email_individual\" target=\"_blank\" rel=\"noreferrer noopener\">Brasil 61<\/a><\/p>\n","protected":false},"excerpt":{"rendered":"<p>Brasileiro tem mesmo fama de povo que n\u00e3o desiste e n\u00e3o deixa a peteca cair.<\/p>\n","protected":false},"author":2,"featured_media":2986,"comment_status":"open","ping_status":"open","sticky":false,"template":"","format":"standard","meta":{"footnotes":""},"categories":[18],"tags":[],"class_list":["post-2984","post","type-post","status-publish","format-standard","has-post-thumbnail","hentry","category-economia"],"_links":{"self":[{"href":"https:\/\/tvc16.com\/portal\/wp-json\/wp\/v2\/posts\/2984","targetHints":{"allow":["GET"]}}],"collection":[{"href":"https:\/\/tvc16.com\/portal\/wp-json\/wp\/v2\/posts"}],"about":[{"href":"https:\/\/tvc16.com\/portal\/wp-json\/wp\/v2\/types\/post"}],"author":[{"embeddable":true,"href":"https:\/\/tvc16.com\/portal\/wp-json\/wp\/v2\/users\/2"}],"replies":[{"embeddable":true,"href":"https:\/\/tvc16.com\/portal\/wp-json\/wp\/v2\/comments?post=2984"}],"version-history":[{"count":1,"href":"https:\/\/tvc16.com\/portal\/wp-json\/wp\/v2\/posts\/2984\/revisions"}],"predecessor-version":[{"id":2987,"href":"https:\/\/tvc16.com\/portal\/wp-json\/wp\/v2\/posts\/2984\/revisions\/2987"}],"wp:featuredmedia":[{"embeddable":true,"href":"https:\/\/tvc16.com\/portal\/wp-json\/wp\/v2\/media\/2986"}],"wp:attachment":[{"href":"https:\/\/tvc16.com\/portal\/wp-json\/wp\/v2\/media?parent=2984"}],"wp:term":[{"taxonomy":"category","embeddable":true,"href":"https:\/\/tvc16.com\/portal\/wp-json\/wp\/v2\/categories?post=2984"},{"taxonomy":"post_tag","embeddable":true,"href":"https:\/\/tvc16.com\/portal\/wp-json\/wp\/v2\/tags?post=2984"}],"curies":[{"name":"wp","href":"https:\/\/api.w.org\/{rel}","templated":true}]}}