{"id":2988,"date":"2020-10-17T16:03:25","date_gmt":"2020-10-17T16:03:25","guid":{"rendered":"https:\/\/tvc16.com\/portal\/?p=2988"},"modified":"2020-10-17T16:03:25","modified_gmt":"2020-10-17T16:03:25","slug":"nova-iguacu-vai-ter-dia-d-contra-polio-e-outras-doencas-neste-sabado","status":"publish","type":"post","link":"https:\/\/tvc16.com\/portal\/2020\/10\/17\/nova-iguacu-vai-ter-dia-d-contra-polio-e-outras-doencas-neste-sabado\/","title":{"rendered":"Nova Igua\u00e7u vai ter Dia D contra p\u00f3lio e outras doen\u00e7as neste s\u00e1bado"},"content":{"rendered":"\n<h2 class=\"wp-block-heading\"><\/h2>\n\n\n\n<p>A Secretaria Municipal de Sa\u00fade (SEMUS) de Nova Igua\u00e7u vai realizar, neste s\u00e1bado (17), o Dia D para vacina\u00e7\u00e3o contra poliomielite e multivacina\u00e7\u00e3o, al\u00e9m de continuar intensificando as doses contra sarampo. O dia de mobiliza\u00e7\u00e3o da Campanha Nacional de Vacina\u00e7\u00e3o acontece em 46 unidades de sa\u00fade do munic\u00edpio, no hor\u00e1rio de 8 \u00e0s 17h.<\/p>\n\n\n\n<p>A multivacina\u00e7\u00e3o se estende para crian\u00e7as, adolescentes e adultos com o objetivo de atualizar a caderneta de vacina\u00e7\u00e3o, caso haja alguma dose em atraso.<\/p>\n\n\n\n<p>O p\u00fablico-alvo da campanha contra poliomielite s\u00e3o crian\u00e7as de 1 at\u00e9 4 anos. J\u00e1 a faixa et\u00e1ria recomendada para receber a dose de sarampo s\u00e3o crian\u00e7as a partir de seis meses e se estende para adultos de at\u00e9 59 anos. \u00c9 de suma import\u00e2ncia comparecer aos postos de sa\u00fade com a caderneta de vacina\u00e7\u00e3o em m\u00e3os, m\u00e1scara de prote\u00e7\u00e3o, \u00e1lcool em gel e obedecer ao espa\u00e7o de 2 metros entre cada pessoa na fila, se houver. A imuniza\u00e7\u00e3o segue at\u00e9 o dia 30 de outubro.<\/p>\n\n\n\n<p>*Todos os endere\u00e7os para vacina\u00e7\u00e3o no site da prefeitura de Nova Igua\u00e7u<\/p>\n\n\n\n<p>WWW.NOVAIGUACU.RJ.GOV.BR<\/p>\n\n\n\n<p><\/p>\n","protected":false},"excerpt":{"rendered":"<p>A Secretaria Municipal de Sa\u00fade (SEMUS) de Nova Igua\u00e7u vai realizar, neste s\u00e1bado (17), o<\/p>\n","protected":false},"author":2,"featured_media":2989,"comment_status":"open","ping_status":"open","sticky":false,"template":"","format":"standard","meta":{"footnotes":""},"categories":[13],"tags":[],"class_list":["post-2988","post","type-post","status-publish","format-standard","has-post-thumbnail","hentry","category-saude"],"_links":{"self":[{"href":"https:\/\/tvc16.com\/portal\/wp-json\/wp\/v2\/posts\/2988","targetHints":{"allow":["GET"]}}],"collection":[{"href":"https:\/\/tvc16.com\/portal\/wp-json\/wp\/v2\/posts"}],"about":[{"href":"https:\/\/tvc16.com\/portal\/wp-json\/wp\/v2\/types\/post"}],"author":[{"embeddable":true,"href":"https:\/\/tvc16.com\/portal\/wp-json\/wp\/v2\/users\/2"}],"replies":[{"embeddable":true,"href":"https:\/\/tvc16.com\/portal\/wp-json\/wp\/v2\/comments?post=2988"}],"version-history":[{"count":1,"href":"https:\/\/tvc16.com\/portal\/wp-json\/wp\/v2\/posts\/2988\/revisions"}],"predecessor-version":[{"id":2990,"href":"https:\/\/tvc16.com\/portal\/wp-json\/wp\/v2\/posts\/2988\/revisions\/2990"}],"wp:featuredmedia":[{"embeddable":true,"href":"https:\/\/tvc16.com\/portal\/wp-json\/wp\/v2\/media\/2989"}],"wp:attachment":[{"href":"https:\/\/tvc16.com\/portal\/wp-json\/wp\/v2\/media?parent=2988"}],"wp:term":[{"taxonomy":"category","embeddable":true,"href":"https:\/\/tvc16.com\/portal\/wp-json\/wp\/v2\/categories?post=2988"},{"taxonomy":"post_tag","embeddable":true,"href":"https:\/\/tvc16.com\/portal\/wp-json\/wp\/v2\/tags?post=2988"}],"curies":[{"name":"wp","href":"https:\/\/api.w.org\/{rel}","templated":true}]}}