{"id":2991,"date":"2020-10-17T16:06:03","date_gmt":"2020-10-17T16:06:03","guid":{"rendered":"https:\/\/tvc16.com\/portal\/?p=2991"},"modified":"2020-10-17T16:06:03","modified_gmt":"2020-10-17T16:06:03","slug":"dia-d-da-campanha-nacional-de-multivacinacao-e-neste-sabado","status":"publish","type":"post","link":"https:\/\/tvc16.com\/portal\/2020\/10\/17\/dia-d-da-campanha-nacional-de-multivacinacao-e-neste-sabado\/","title":{"rendered":"Dia D da Campanha Nacional de Multivacina\u00e7\u00e3o \u00e9 neste s\u00e1bado"},"content":{"rendered":"\n<p><em>Cerca de 1.500 unidades de sa\u00fade em todo o estado do Rio estar\u00e3o abertas para atualizar a caderneta de vacina\u00e7\u00e3o de crian\u00e7as e adolescentes<\/em><\/p>\n\n\n\n<p>Neste s\u00e1bado, 17 de outubro, ocorre o Dia D da Campanha Nacional de Multivacina\u00e7\u00e3o, e cerca de 1.500 unidades de sa\u00fade em todo o estado estar\u00e3o abertas para atualizar a caderneta de vacina\u00e7\u00e3o de crian\u00e7as e adolescentes. A campanha \u00e9 uma a\u00e7\u00e3o conjunta entre a Secretaria de Estado de Sa\u00fade (SES), o Minist\u00e9rio da Sa\u00fade e as Secretarias Municipais de Sa\u00fade. Ao todo, foram mobilizados cerca de 11 mil profissionais nos 92 munic\u00edpios do Estado do Rio.<\/p>\n\n\n\n<p>O Dia D tem o objetivo de ampliar o chamamento \u00e0 popula\u00e7\u00e3o para proporcionar uma maior ades\u00e3o. A meta da Campanha Nacional de Multivacina\u00e7\u00e3o \u00e9 aumentar a cobertura vacinal da BCG para 90% e a dos outros imunizantes para 95% at\u00e9 o fim do ano.<\/p>\n\n\n\n<p>Valter Almeida, gerente de Imuniza\u00e7\u00e3o da Subsecretaria de Vigil\u00e2ncia em Sa\u00fade (SVS), ressalta a import\u00e2ncia da campanha de vacina\u00e7\u00e3o e do Dia D em 17 de outubro, que cai num s\u00e1bado.<\/p>\n\n\n\n<p>\u201cO fim de semana \u00e9 quando os pais e respons\u00e1veis encontram, geralmente, mais facilidade de ir \u00e0s unidades de sa\u00fade, porque n\u00e3o est\u00e3o envolvidos com suas rotinas profissionais. O s\u00e1bado, ent\u00e3o, \u00e9 quando a gente faz um chamamento ainda maior para a popula\u00e7\u00e3o\u201d.<\/p>\n\n\n\n<p>Todas as vacinas presentes nos calend\u00e1rios da crian\u00e7a e do adolescente s\u00e3o parte da campanha. No calend\u00e1rio da crian\u00e7a, que inclui a imuniza\u00e7\u00e3o de crian\u00e7as at\u00e9 10 anos de idade, s\u00e3o 14 vacinas no total. S\u00e3o elas: BCG, Hepatite B, Penta (difteria, t\u00e9tano, coqueluche, hepatite B e poliomielite), P\u00f3lio inativada, P\u00f3lio oral, Rotav\u00edrus, Pneumo 10, Meningo C, Febre Amarela, Tr\u00edplice viral (sarampo, caxumba e rub\u00e9ola), Tetra viral (sarampo, caxumba, rub\u00e9ola e varicela), DTP (tr\u00edplice bacteriana), Hepatite A e Varicela.<\/p>\n\n\n\n<p>No calend\u00e1rio do adolescente h\u00e1 mais vacinas, al\u00e9m de refor\u00e7os das imuniza\u00e7\u00f5es feitas na inf\u00e2ncia. S\u00e3o elas: Hepatite B, Febre Amarela, Tr\u00edplice viral, Difteria e t\u00e9tano adulto, DTPa, Meningoc\u00f3cica ACWY, HPV quadrivalente e Varicela.<\/p>\n\n\n\n<p>Em conjunto com as vacinas da crian\u00e7a e do adolescente, tamb\u00e9m \u00e9 oferecida imuniza\u00e7\u00e3o contra o sarampo para todos da faixa et\u00e1ria entre 6 meses e 59 anos. A medida tem como objetivo evitar a exposi\u00e7\u00e3o desnecess\u00e1ria da popula\u00e7\u00e3o \u00e0 Covid-19, aproveitando a ida do respons\u00e1vel pelas crian\u00e7as \u00e0 unidade de sa\u00fade para atualizar a pr\u00f3pria situa\u00e7\u00e3o vacinal.<\/p>\n\n\n\n<p>As vacinas ser\u00e3o aplicadas nos postos municipais de Sa\u00fade da capital e do interior. Acompanhe os canais de comunica\u00e7\u00e3o da prefeitura do seu munic\u00edpio para se certificar dos locais e documentos necess\u00e1rios. N\u00e3o deixe de levar a caderneta de vacina\u00e7\u00e3o.<\/p>\n\n\n\n<p>Foto: Mauricio Bazilio<\/p>\n","protected":false},"excerpt":{"rendered":"<p>Cerca de 1.500 unidades de sa\u00fade em todo o estado do Rio estar\u00e3o abertas para<\/p>\n","protected":false},"author":2,"featured_media":2992,"comment_status":"open","ping_status":"open","sticky":false,"template":"","format":"standard","meta":{"footnotes":""},"categories":[13],"tags":[],"class_list":["post-2991","post","type-post","status-publish","format-standard","has-post-thumbnail","hentry","category-saude"],"_links":{"self":[{"href":"https:\/\/tvc16.com\/portal\/wp-json\/wp\/v2\/posts\/2991","targetHints":{"allow":["GET"]}}],"collection":[{"href":"https:\/\/tvc16.com\/portal\/wp-json\/wp\/v2\/posts"}],"about":[{"href":"https:\/\/tvc16.com\/portal\/wp-json\/wp\/v2\/types\/post"}],"author":[{"embeddable":true,"href":"https:\/\/tvc16.com\/portal\/wp-json\/wp\/v2\/users\/2"}],"replies":[{"embeddable":true,"href":"https:\/\/tvc16.com\/portal\/wp-json\/wp\/v2\/comments?post=2991"}],"version-history":[{"count":1,"href":"https:\/\/tvc16.com\/portal\/wp-json\/wp\/v2\/posts\/2991\/revisions"}],"predecessor-version":[{"id":2993,"href":"https:\/\/tvc16.com\/portal\/wp-json\/wp\/v2\/posts\/2991\/revisions\/2993"}],"wp:featuredmedia":[{"embeddable":true,"href":"https:\/\/tvc16.com\/portal\/wp-json\/wp\/v2\/media\/2992"}],"wp:attachment":[{"href":"https:\/\/tvc16.com\/portal\/wp-json\/wp\/v2\/media?parent=2991"}],"wp:term":[{"taxonomy":"category","embeddable":true,"href":"https:\/\/tvc16.com\/portal\/wp-json\/wp\/v2\/categories?post=2991"},{"taxonomy":"post_tag","embeddable":true,"href":"https:\/\/tvc16.com\/portal\/wp-json\/wp\/v2\/tags?post=2991"}],"curies":[{"name":"wp","href":"https:\/\/api.w.org\/{rel}","templated":true}]}}