{"id":2994,"date":"2020-10-17T16:08:26","date_gmt":"2020-10-17T16:08:26","guid":{"rendered":"https:\/\/tvc16.com\/portal\/?p=2994"},"modified":"2020-10-17T16:08:26","modified_gmt":"2020-10-17T16:08:26","slug":"mp-prorroga-contratos-de-trabalho-de-hospitais-federais-no-rj","status":"publish","type":"post","link":"https:\/\/tvc16.com\/portal\/2020\/10\/17\/mp-prorroga-contratos-de-trabalho-de-hospitais-federais-no-rj\/","title":{"rendered":"MP prorroga contratos de trabalho de hospitais federais no RJ"},"content":{"rendered":"\n<p>Foi sancionada a Medida Provis\u00f3ria que autoriza o Minist\u00e9rio da Sa\u00fade a prorrogar contratos de trabalho de 3.592 profissionais tempor\u00e1rios de sa\u00fade que atuam nos seis hospitais federais localizados no estado do Rio de Janeiro.<\/p>\n\n\n\n<p>Os contratos, firmados a partir de 2018, poder\u00e3o ser prorrogados at\u00e9 31 de dezembro de 2020 ao inv\u00e9s de 30 de novembro, como era previsto na MP original.<\/p>\n\n\n\n<p><strong><a href=\"https:\/\/brasil61.com\/noticias\/covid-19-portaria-prorroga-habilitacoes-de-leitos-de-uti-em-municipios-de-sete-estados-bras202222\">COVID-19: Portaria prorroga habilita\u00e7\u00f5es de leitos de UTI em munic\u00edpios de sete estados<\/a><\/strong><\/p>\n\n\n\n<p><a href=\"https:\/\/brasil61.com\/noticias\/vacinacao-contra-a-covid-19-deve-ocorrer-no-primeiro-semestre-de-2021-segundo-governo-federal-bras202232\"><strong>Vacina\u00e7\u00e3o contra a Covid-19 deve ocorrer no primeiro semestre de 2021, segundo Governo Federal<\/strong><\/a><\/p>\n\n\n\n<p>A medida \u00e9 uma resposta a representa\u00e7\u00e3o realizada Minist\u00e9rio P\u00fablico Federal (MPF), que pediu ao Minist\u00e9rio P\u00fablico de Contas (que atua junto ao Tribunal de Contas da Uni\u00e3o) o reconhecimento de que a Uni\u00e3o violou os princ\u00edpios administrativos da efici\u00eancia e da efic\u00e1cia ao manter leitos e equipamentos ociosos nos hospitais federais no estado por falta de pessoal.<\/p>\n\n\n\n<p>De acordo com nota t\u00e9cnica do Minist\u00e9rio da Sa\u00fade, cerca de 15% a 20% da capacidade instalada dos hospitais federais na capital do estado estavam inoperantes.<\/p>\n\n\n\n<p>Fonte: <a href=\"https:\/\/brasil61.com\/noticias\/mp-prorroga-contratos-de-trabalho-de-hospitais-federais-no-rj-bras202249?email=bethdeoliveira@yahoo.com.br&amp;utm_source=email_individual&amp;utm_medium=email_individual&amp;utm_campaign=email_individual\" target=\"_blank\" rel=\"noreferrer noopener\">Brasil 61<\/a><\/p>\n","protected":false},"excerpt":{"rendered":"<p>Foi sancionada a Medida Provis\u00f3ria que autoriza o Minist\u00e9rio da Sa\u00fade a prorrogar contratos de<\/p>\n","protected":false},"author":2,"featured_media":2995,"comment_status":"open","ping_status":"open","sticky":false,"template":"","format":"standard","meta":{"footnotes":""},"categories":[13],"tags":[],"class_list":["post-2994","post","type-post","status-publish","format-standard","has-post-thumbnail","hentry","category-saude"],"_links":{"self":[{"href":"https:\/\/tvc16.com\/portal\/wp-json\/wp\/v2\/posts\/2994","targetHints":{"allow":["GET"]}}],"collection":[{"href":"https:\/\/tvc16.com\/portal\/wp-json\/wp\/v2\/posts"}],"about":[{"href":"https:\/\/tvc16.com\/portal\/wp-json\/wp\/v2\/types\/post"}],"author":[{"embeddable":true,"href":"https:\/\/tvc16.com\/portal\/wp-json\/wp\/v2\/users\/2"}],"replies":[{"embeddable":true,"href":"https:\/\/tvc16.com\/portal\/wp-json\/wp\/v2\/comments?post=2994"}],"version-history":[{"count":1,"href":"https:\/\/tvc16.com\/portal\/wp-json\/wp\/v2\/posts\/2994\/revisions"}],"predecessor-version":[{"id":2996,"href":"https:\/\/tvc16.com\/portal\/wp-json\/wp\/v2\/posts\/2994\/revisions\/2996"}],"wp:featuredmedia":[{"embeddable":true,"href":"https:\/\/tvc16.com\/portal\/wp-json\/wp\/v2\/media\/2995"}],"wp:attachment":[{"href":"https:\/\/tvc16.com\/portal\/wp-json\/wp\/v2\/media?parent=2994"}],"wp:term":[{"taxonomy":"category","embeddable":true,"href":"https:\/\/tvc16.com\/portal\/wp-json\/wp\/v2\/categories?post=2994"},{"taxonomy":"post_tag","embeddable":true,"href":"https:\/\/tvc16.com\/portal\/wp-json\/wp\/v2\/tags?post=2994"}],"curies":[{"name":"wp","href":"https:\/\/api.w.org\/{rel}","templated":true}]}}