{"id":2997,"date":"2020-10-17T16:11:54","date_gmt":"2020-10-17T16:11:54","guid":{"rendered":"https:\/\/tvc16.com\/portal\/?p=2997"},"modified":"2020-10-17T16:11:54","modified_gmt":"2020-10-17T16:11:54","slug":"aulas-presenciais-retornarao-em-18-municipios-do-estado-incluindo-a-capital-niteroi-e-duque-de-caxias","status":"publish","type":"post","link":"https:\/\/tvc16.com\/portal\/2020\/10\/17\/aulas-presenciais-retornarao-em-18-municipios-do-estado-incluindo-a-capital-niteroi-e-duque-de-caxias\/","title":{"rendered":"Aulas presenciais retornar\u00e3o em 18 munic\u00edpios do estado, incluindo a capital, Niter\u00f3i e Duque de Caxias"},"content":{"rendered":"\n<p><\/p>\n\n\n\n<p><em>Retorno deve acontecer em 420 escolas estaduais. Juntas, essas unidades somam 63 mil alunos que poder\u00e3o optar por voltar presencialmente&nbsp;<\/em><\/p>\n\n\n\n<p>Na pr\u00f3xima segunda-feira (19\/10), 18 munic\u00edpios, incluindo a capital, Niter\u00f3i e Duque de Caxias, retornar\u00e3o \u00e0s aulas presenciais para as turmas da 3\u00aa s\u00e9rie do Ensino M\u00e9dio, nas modalidades regular, t\u00e9cnico e de Educa\u00e7\u00e3o de Jovens e Adultos (EJA &#8211; Fase IV). No restante do estado, as atividades pedag\u00f3gicas ser\u00e3o exclusivamente remotas, por decis\u00e3o das prefeituras ou por conta da classifica\u00e7\u00e3o laranja de cont\u00e1gio, como \u00e9 o caso da regi\u00e3o Centro-Sul fluminense. Mesmo sem aulas presenciais, todas as escolas da rede ficar\u00e3o abertas para que os estudantes retirem o material did\u00e1tico, al\u00e9m do kit alimenta\u00e7\u00e3o.&nbsp;<\/p>\n\n\n\n<p>O retorno deve acontecer em 420 escolas estaduais. Juntas, essas unidades somam 63 mil alunos que poder\u00e3o optar por voltar \u00e0s aulas presenciais na segunda-feira. Os munic\u00edpios que aderiram \u00e0 flexibiliza\u00e7\u00e3o s\u00e3o: Carapebus; Casimiro de Abreu; Duque de Caxias; Italva; Itatiaia; Maca\u00e9; Macuco; Mesquita; Miracema; Natividade; Nil\u00f3polis; Niter\u00f3i; Pira\u00ed; Rio de Janeiro; S\u00e3o Francisco de Itabapoana; S\u00e3o Pedro da Aldeia; Serop\u00e9dica e Trajano de Morais.&nbsp;<\/p>\n\n\n\n<p>Dentro dos munic\u00edpios que v\u00e3o retornar, 27 escolas n\u00e3o iniciar\u00e3o suas aulas presenciais com as demais, uma vez que suas equipes de dire\u00e7\u00e3o declararam fazer parte do grupo de risco da Covid-19. Ao longo da semana, a Secretaria de Educa\u00e7\u00e3o providenciar\u00e1 uma solu\u00e7\u00e3o administrativa para a retomada das atividades.&nbsp;<\/p>\n\n\n\n<p><br><strong>Veja os nomes das unidades escolares que n\u00e3o voltar\u00e3o no dia 19\/10:<\/strong><strong>&nbsp;&nbsp;<\/strong><\/p>\n\n\n\n<p><strong><br>Rio de Janeiro<\/strong><\/p>\n\n\n\n<p>CE Agostinho Neto&nbsp;&nbsp;&nbsp;&nbsp;&nbsp;&nbsp;<\/p>\n\n\n\n<p>CE Bangu&nbsp;&nbsp;&nbsp;&nbsp;&nbsp;&nbsp;&nbsp;&nbsp;&nbsp;<\/p>\n\n\n\n<p>CE Bar\u00e3o de Santa Margarida&nbsp;&nbsp;&nbsp;&nbsp;&nbsp;&nbsp;&nbsp;&nbsp;&nbsp;&nbsp;&nbsp;<\/p>\n\n\n\n<p>CE Bar\u00e3o Do Rio Branco&nbsp;&nbsp;&nbsp;&nbsp;&nbsp;&nbsp;&nbsp;&nbsp;&nbsp;<\/p>\n\n\n\n<p>CE Deborah Mendes De Moraes&nbsp;&nbsp;&nbsp;&nbsp;&nbsp;&nbsp;&nbsp;&nbsp;<\/p>\n\n\n\n<p>CE Engenheiro Jo\u00e3o Thom\u00e9&nbsp;&nbsp;&nbsp;&nbsp;<\/p>\n\n\n\n<p>CE Francisco Caldeira de Alvarenga&nbsp;&nbsp;<\/p>\n\n\n\n<p>CE George Washington&nbsp;&nbsp;&nbsp;&nbsp;&nbsp;&nbsp;&nbsp;&nbsp;&nbsp;&nbsp;&nbsp;<\/p>\n\n\n\n<p>CE Professor Ney Cidade Palmeiro&nbsp;<\/p>\n\n\n\n<p>CE Professora Jeannette De Souza Coelho Mannarino&nbsp;<\/p>\n\n\n\n<p>CE Professora Vilma Atanazio&nbsp;&nbsp;&nbsp;&nbsp;&nbsp;&nbsp;&nbsp;&nbsp;&nbsp;&nbsp;&nbsp;&nbsp;<\/p>\n\n\n\n<p>CE Stuart Edgar Angel Jones&nbsp;&nbsp;&nbsp;<\/p>\n\n\n\n<p>CE J\u00falia Kubitschek&nbsp;&nbsp;&nbsp;&nbsp;&nbsp;&nbsp;<\/p>\n\n\n\n<p>CIEP 205 Frei Agostinho Fincias&nbsp;<\/p>\n\n\n\n<p>CE Chiquinha Gonzaga&nbsp;&nbsp;&nbsp;&nbsp;&nbsp;&nbsp;&nbsp;&nbsp;&nbsp;&nbsp;&nbsp;&nbsp;<\/p>\n\n\n\n<p>CE Jo\u00e3o Alfredo&nbsp;<\/p>\n\n\n\n<p>CE Souza Aguiar&nbsp;&nbsp;&nbsp;&nbsp;&nbsp;&nbsp;&nbsp;&nbsp;&nbsp;&nbsp;<\/p>\n\n\n\n<p>CE Andr\u00e9 Maurois&nbsp;&nbsp;&nbsp;&nbsp;&nbsp;&nbsp;&nbsp;<\/p>\n\n\n\n<p>CE Professor Antonio Maria Teixeira Filho&nbsp;<\/p>\n\n\n\n<p><strong>Niter\u00f3i&nbsp;<\/strong><\/p>\n\n\n\n<p>Liceu Nilo Pe\u00e7anha&nbsp;&nbsp;&nbsp;&nbsp;&nbsp;&nbsp;<\/p>\n\n\n\n<p><strong>Duque de Caxias&nbsp;<\/strong><\/p>\n\n\n\n<p>CE Doutor Ign\u00e1cio Bezerra de Menezes&nbsp;<\/p>\n\n\n\n<p><strong>Mesquita&nbsp;&nbsp;&nbsp;&nbsp;&nbsp;&nbsp;&nbsp;&nbsp;&nbsp;<\/strong><\/p>\n\n\n\n<p>CE Ana Neri&nbsp;<\/p>\n\n\n\n<p><strong>Trajano de Moraes&nbsp;<\/strong><\/p>\n\n\n\n<p>CE Jo\u00e3o de Moraes Martins&nbsp;&nbsp;&nbsp;<\/p>\n\n\n\n<p>CIEP 279 Professora Guiomar Gon\u00e7alves Neves&nbsp;<\/p>\n\n\n\n<p><strong>Casimiro de Abreu&nbsp;<\/strong><\/p>\n\n\n\n<p>CE Santa Maria&nbsp;&nbsp;&nbsp;&nbsp;&nbsp;&nbsp;&nbsp;&nbsp;&nbsp;&nbsp;&nbsp;<\/p>\n\n\n\n<p>CE Indaia\u00e7u&nbsp;&nbsp;&nbsp;&nbsp;&nbsp;&nbsp;<\/p>\n\n\n\n<p>CE Rio Dourado&nbsp;<\/p>\n\n\n\n<p><strong>Confira o v\u00eddeo com os protocolos sanit\u00e1rios:\u00a0<\/strong><a rel=\"noreferrer noopener\" target=\"_blank\" href=\"https:\/\/bit.ly\/3dzSZBg\">https:\/\/bit.ly\/3dzSZBg<\/a><\/p>\n\n\n\n<figure class=\"wp-block-image size-large\"><img loading=\"lazy\" decoding=\"async\" width=\"1024\" height=\"732\" src=\"https:\/\/tvc16.com\/portal\/wp-content\/uploads\/2020\/10\/volta-as-aulas-presenciais-na-pandemia-preocupa-pais-e-responsaveis.jpg\" alt=\"\" class=\"wp-image-2998\" srcset=\"https:\/\/tvc16.com\/portal\/wp-content\/uploads\/2020\/10\/volta-as-aulas-presenciais-na-pandemia-preocupa-pais-e-responsaveis.jpg 1024w, https:\/\/tvc16.com\/portal\/wp-content\/uploads\/2020\/10\/volta-as-aulas-presenciais-na-pandemia-preocupa-pais-e-responsaveis-300x214.jpg 300w, https:\/\/tvc16.com\/portal\/wp-content\/uploads\/2020\/10\/volta-as-aulas-presenciais-na-pandemia-preocupa-pais-e-responsaveis-768x549.jpg 768w\" sizes=\"auto, (max-width: 1024px) 100vw, 1024px\" \/><\/figure>\n","protected":false},"excerpt":{"rendered":"<p>Retorno deve acontecer em 420 escolas estaduais. Juntas, essas unidades somam 63 mil alunos que<\/p>\n","protected":false},"author":2,"featured_media":2999,"comment_status":"open","ping_status":"open","sticky":false,"template":"","format":"standard","meta":{"footnotes":""},"categories":[19],"tags":[],"class_list":["post-2997","post","type-post","status-publish","format-standard","has-post-thumbnail","hentry","category-educacao"],"_links":{"self":[{"href":"https:\/\/tvc16.com\/portal\/wp-json\/wp\/v2\/posts\/2997","targetHints":{"allow":["GET"]}}],"collection":[{"href":"https:\/\/tvc16.com\/portal\/wp-json\/wp\/v2\/posts"}],"about":[{"href":"https:\/\/tvc16.com\/portal\/wp-json\/wp\/v2\/types\/post"}],"author":[{"embeddable":true,"href":"https:\/\/tvc16.com\/portal\/wp-json\/wp\/v2\/users\/2"}],"replies":[{"embeddable":true,"href":"https:\/\/tvc16.com\/portal\/wp-json\/wp\/v2\/comments?post=2997"}],"version-history":[{"count":1,"href":"https:\/\/tvc16.com\/portal\/wp-json\/wp\/v2\/posts\/2997\/revisions"}],"predecessor-version":[{"id":3000,"href":"https:\/\/tvc16.com\/portal\/wp-json\/wp\/v2\/posts\/2997\/revisions\/3000"}],"wp:featuredmedia":[{"embeddable":true,"href":"https:\/\/tvc16.com\/portal\/wp-json\/wp\/v2\/media\/2999"}],"wp:attachment":[{"href":"https:\/\/tvc16.com\/portal\/wp-json\/wp\/v2\/media?parent=2997"}],"wp:term":[{"taxonomy":"category","embeddable":true,"href":"https:\/\/tvc16.com\/portal\/wp-json\/wp\/v2\/categories?post=2997"},{"taxonomy":"post_tag","embeddable":true,"href":"https:\/\/tvc16.com\/portal\/wp-json\/wp\/v2\/tags?post=2997"}],"curies":[{"name":"wp","href":"https:\/\/api.w.org\/{rel}","templated":true}]}}