{"id":3026,"date":"2020-10-17T17:04:02","date_gmt":"2020-10-17T17:04:02","guid":{"rendered":"https:\/\/tvc16.com\/portal\/?p=3026"},"modified":"2020-10-17T17:04:02","modified_gmt":"2020-10-17T17:04:02","slug":"e-se-cerveja-fosse-o-seu-trabalho-firjan-senai-aborda-as-transformacoes-do-setor-cervejeiro","status":"publish","type":"post","link":"https:\/\/tvc16.com\/portal\/2020\/10\/17\/e-se-cerveja-fosse-o-seu-trabalho-firjan-senai-aborda-as-transformacoes-do-setor-cervejeiro\/","title":{"rendered":"E se cerveja fosse o seu trabalho? Firjan SENAI aborda as transforma\u00e7\u00f5es do setor cervejeiro"},"content":{"rendered":"\n<p>A Firjan SENAI promove na pr\u00f3xima&nbsp;<strong>segunda-feira (19\/10), \u00e0s 19h<\/strong>,o bate-papo&nbsp;<strong>E se cerveja fosse o seu trabalho?<\/strong>&nbsp;A transmiss\u00e3o online vai abordar o que faz o mestre cervejeiro e focar na sua atua\u00e7\u00e3o em pequenas e grandes cervejarias. Tamb\u00e9m vai refor\u00e7ar as novidades das cervejarias e as transforma\u00e7\u00f5es do setor, que ganha cada vez mais espa\u00e7o no estado do Rio de Janeiro e no Brasil.&nbsp;<\/p>\n\n\n\n<p>Para se ter uma ideia, em 2019, o pa\u00eds chegou a 1.209 cervejarias registradas no Minist\u00e9rio da Agricultura, Pecu\u00e1ria e Abastecimento (Mapa), um crescimento de 36% em rela\u00e7\u00e3o a 2018. O Rio de Janeiro ocupa a sexta coloca\u00e7\u00e3o entre os estados que mais produzem cervejas.&nbsp; Foram 78&nbsp; f\u00e1bricas abertas no ano passado, crescimento m\u00e9dio de 17,3% comparado aos \u00faltimos tr\u00eas anos. Os dados s\u00e3o da \u00faltima edi\u00e7\u00e3o do Anu\u00e1rio da Cerveja.<\/p>\n\n\n\n<p>Participam do encontro online o ex-aluno da Firjan SENAI,&nbsp;<strong>Rafael Fonseca, hoje cervejeiro da marca de cerveja artesanal, Hocus Pocus, com f\u00e1brica em Tr\u00eas Rios, e Jos\u00e9 Gon\u00e7alves, especialista t\u00e9cnico de educa\u00e7\u00e3o da Firjan SENAI&nbsp;<\/strong>com 23 anos de experi\u00eancia na \u00e1rea cervejeira e mestre em processos qu\u00edmicos e bioqu\u00edmicos pela UFRJ.<\/p>\n\n\n\n<p>O encontro tamb\u00e9m vai abordar o curr\u00edculo do Curso T\u00e9cnico de Cervejaria da Firjan SENAI: da carga hor\u00e1ria e estrutura ao reconhecimento pelo MEC e responsabilidade t\u00e9cnica pelo CRQ.<\/p>\n\n\n\n<p>Para participar \u00e9 s\u00f3 acessar o canal do YouTube da Firjan SENAI atrav\u00e9s do link\u00a0<a rel=\"noreferrer noopener\" target=\"_blank\" href=\"https:\/\/firjansenai.com.br\/eventos\">https:\/\/firjansenai.com.br\/eventos<\/a>.<\/p>\n\n\n\n<figure class=\"wp-block-image size-large\"><img loading=\"lazy\" decoding=\"async\" width=\"267\" height=\"160\" src=\"https:\/\/tvc16.com\/portal\/wp-content\/uploads\/2020\/10\/CERVEJA-1.jpg\" alt=\"\" class=\"wp-image-3027\"\/><\/figure>\n","protected":false},"excerpt":{"rendered":"<p>A Firjan SENAI promove na pr\u00f3xima&nbsp;segunda-feira (19\/10), \u00e0s 19h,o bate-papo&nbsp;E se cerveja fosse o seu<\/p>\n","protected":false},"author":2,"featured_media":3028,"comment_status":"open","ping_status":"open","sticky":false,"template":"","format":"standard","meta":{"footnotes":""},"categories":[14],"tags":[],"class_list":["post-3026","post","type-post","status-publish","format-standard","has-post-thumbnail","hentry","category-pais"],"_links":{"self":[{"href":"https:\/\/tvc16.com\/portal\/wp-json\/wp\/v2\/posts\/3026","targetHints":{"allow":["GET"]}}],"collection":[{"href":"https:\/\/tvc16.com\/portal\/wp-json\/wp\/v2\/posts"}],"about":[{"href":"https:\/\/tvc16.com\/portal\/wp-json\/wp\/v2\/types\/post"}],"author":[{"embeddable":true,"href":"https:\/\/tvc16.com\/portal\/wp-json\/wp\/v2\/users\/2"}],"replies":[{"embeddable":true,"href":"https:\/\/tvc16.com\/portal\/wp-json\/wp\/v2\/comments?post=3026"}],"version-history":[{"count":1,"href":"https:\/\/tvc16.com\/portal\/wp-json\/wp\/v2\/posts\/3026\/revisions"}],"predecessor-version":[{"id":3029,"href":"https:\/\/tvc16.com\/portal\/wp-json\/wp\/v2\/posts\/3026\/revisions\/3029"}],"wp:featuredmedia":[{"embeddable":true,"href":"https:\/\/tvc16.com\/portal\/wp-json\/wp\/v2\/media\/3028"}],"wp:attachment":[{"href":"https:\/\/tvc16.com\/portal\/wp-json\/wp\/v2\/media?parent=3026"}],"wp:term":[{"taxonomy":"category","embeddable":true,"href":"https:\/\/tvc16.com\/portal\/wp-json\/wp\/v2\/categories?post=3026"},{"taxonomy":"post_tag","embeddable":true,"href":"https:\/\/tvc16.com\/portal\/wp-json\/wp\/v2\/tags?post=3026"}],"curies":[{"name":"wp","href":"https:\/\/api.w.org\/{rel}","templated":true}]}}