{"id":3030,"date":"2020-10-17T17:12:38","date_gmt":"2020-10-17T17:12:38","guid":{"rendered":"https:\/\/tvc16.com\/portal\/?p=3030"},"modified":"2020-10-17T17:12:38","modified_gmt":"2020-10-17T17:12:38","slug":"detran-realiza-mutirao-de-servicos-em-sete-municipios-neste-sabado","status":"publish","type":"post","link":"https:\/\/tvc16.com\/portal\/2020\/10\/17\/detran-realiza-mutirao-de-servicos-em-sete-municipios-neste-sabado\/","title":{"rendered":"Detran realiza mutir\u00e3o de servi\u00e7os em sete munic\u00edpios neste s\u00e1bado"},"content":{"rendered":"\n<p><\/p>\n\n\n\n<p><em>A\u00e7\u00e3o atender\u00e1 mais de dois mil agendamentos com servi\u00e7os de habilita\u00e7\u00e3o, identifica\u00e7\u00e3o civil e ve\u00edculos<\/em><\/p>\n\n\n\n<p>O Detran.RJ vai ampliar o mutir\u00e3o de servi\u00e7os deste s\u00e1bado (17) para atender mais de 2 mil agendamentos em sete cidades com servi\u00e7os de habilita\u00e7\u00e3o, identifica\u00e7\u00e3o civil e de ve\u00edculos. Moradores do Rio, Volta Redonda, Campos dos Goytacazes, S\u00e3o Gon\u00e7alo, Mendes, Pinheiral e Porto Real receber\u00e3o a for\u00e7a-tarefa do Detran para servi\u00e7os como licenciamento anual, transfer\u00eancia de propriedade, renova\u00e7\u00e3o da habilita\u00e7\u00e3o e segunda via de RG. Agendamento pode ser realizado a partir da manh\u00e3 desta quinta-feira (15).<\/p>\n\n\n\n<p>Para este s\u00e1bado, o departamento aumentou o n\u00famero de vagas e postos em compara\u00e7\u00e3o ao mutir\u00e3o anterior. No \u00faltimo fim de semana, 684 pessoas foram atendidas na sede do departamento, no Centro do Rio, e nos munic\u00edpios de Mendes, Pinheiral e Porto Real. O novo presidente do Detran Adolfo Konder determinou as a\u00e7\u00f5es em todos os s\u00e1bados at\u00e9 o fim de novembro. O objetivo \u00e9 reduzir com mais rapidez a demanda represada durante a pandemia.<\/p>\n\n\n\n<p>&#8211; Vamos ampliar a oferta de servi\u00e7os \u00e0 popula\u00e7\u00e3o, seguindo os protocolos de prote\u00e7\u00e3o \u00e0 sa\u00fade. Precisamos diminuir esse gargalo no agendamento, fruto da pandemia, e estamos trabalhando em hor\u00e1rios alternativos para que a popula\u00e7\u00e3o seja atendida com mais agilidade &#8211; garantiu Konder.<\/p>\n\n\n\n<p>Entre os servi\u00e7os mais procurados durante a pandemia est\u00e3o as vagas para Habilita\u00e7\u00e3o, que dobrar\u00e3o em rela\u00e7\u00e3o \u00e0 primeira edi\u00e7\u00e3o do mutir\u00e3o. Ser\u00e3o 400 agendamentos para a sede do Detran neste s\u00e1bado. J\u00e1 os servi\u00e7os veiculares passam a ser feitos tamb\u00e9m nos postos da Barra da Tijuca (Capital), S\u00e3o Gon\u00e7alo, Volta Redonda e Campos. A segunda via da carteira de identidade poder\u00e1 ser solicitada nos munic\u00edpios de Mendes, Pinheiral e Porto Real, al\u00e9m da sede na Avenida Presidente Vargas.<\/p>\n\n\n\n<p><strong>Agendamento<\/strong><\/p>\n\n\n\n<p>Para participar do mutir\u00e3o, \u00e9 preciso agendar o servi\u00e7o. A medida \u00e9 uma determina\u00e7\u00e3o das autoridades de sa\u00fade para evitar aglomera\u00e7\u00e3o nos postos. Os servi\u00e7os poder\u00e3o ser agendados j\u00e1 na manh\u00e3 desta quinta-feira pelos telefones 3460-4040, 3460-4041 e 3460-4042, ou pelo site&nbsp;<a rel=\"noreferrer noopener\" target=\"_blank\" href=\"http:\/\/www.detran.rj.gov.br\/\">www.detran.rj.gov.br<\/a>. As exce\u00e7\u00f5es ser\u00e3o os servi\u00e7os de Identifica\u00e7\u00e3o Civil em Mendes, Pinheiral e Porto Real, que ser\u00e3o realizados por entrega de senha no local, \u00e0s 9h, com a abertura das unidades.<\/p>\n\n\n\n<p>\u00c9 necess\u00e1rio respeitar o hor\u00e1rio agendado, sem antecipa\u00e7\u00e3o, para n\u00e3o causar fila e a consequente aglomera\u00e7\u00e3o, o que n\u00e3o \u00e9 o desej\u00e1vel neste per\u00edodo de pandemia. O Detran tamb\u00e9m pede para que as pessoas n\u00e3o levem acompanhantes aos postos.<\/p>\n\n\n\n<p>Quanto ao pagamento dos boletos, o Detran alerta que \u00e9 preciso verificar se o documento foi efetivamente quitado ou se foi feito apenas o agendamento do pagamento. Isso porque, nos pagamentos online, \u00e9 praxe o banco agendar boletos para a data do vencimento da fatura, como o caso da GRT para o licenciamento anual e o DUDA para identifica\u00e7\u00e3o, onde o banco indica a data de 30 de dezembro para o pagamento.<\/p>\n\n\n\n<p><strong>Veja abaixo a lista de servi\u00e7os do pr\u00f3ximo mutir\u00e3o dividida por diretoria, com os endere\u00e7os e hor\u00e1rios disponibilizados:<\/strong><\/p>\n\n\n\n<p><strong>Identifica\u00e7\u00e3o Civil<\/strong><\/p>\n\n\n\n<p><strong>RIO DE JANEIRO<\/strong><\/p>\n\n\n\n<p>Servi\u00e7os: 2\u00aa via e entrega de RGs<\/p>\n\n\n\n<p>Data: 17\/10<\/p>\n\n\n\n<p>Local: sede \u2013 Avenida Presidente Vargas 817 \u2013 T\u00e9rreo &#8211; Centro do Rio (Sede Detran.RJ)<\/p>\n\n\n\n<p>Hor\u00e1rio: das 9h \u00e0s 16h<\/p>\n\n\n\n<p><strong>MENDES<\/strong><\/p>\n\n\n\n<p>Servi\u00e7os: 2\u00aa via e entrega de RGs<\/p>\n\n\n\n<p>Datas: 17 e 18 de outubro<\/p>\n\n\n\n<p>Local: Rua Professor Paulo S\u00e9rgio de Nader Pereira 300 &#8211; Centro<\/p>\n\n\n\n<p>Hor\u00e1rio: das 9h \u00e0s 15h<\/p>\n\n\n\n<p><strong>PINHEIRAL<\/strong><\/p>\n\n\n\n<p>Servi\u00e7os: 2\u00aa via e entrega de RGs<\/p>\n\n\n\n<p>Datas: 17 e 18 de outubro<\/p>\n\n\n\n<p>Local: Rua Valter Valim Botelho 107 &#8211; Vale do Sol<\/p>\n\n\n\n<p>Hor\u00e1rio: das 9h \u00e0s 15h<\/p>\n\n\n\n<p><strong>PORTO REAL<\/strong><\/p>\n\n\n\n<p>Servi\u00e7os: 2\u00aa via e entrega de RGs<\/p>\n\n\n\n<p>Datas: 17 e 18 de outubro<\/p>\n\n\n\n<p>Local: Av. Dom Pedro II 1220 &#8211; Centro<\/p>\n\n\n\n<p>Hor\u00e1rio: das 9h \u00e0s 15h<\/p>\n\n\n\n<p><strong>Ve\u00edculos<\/strong><\/p>\n\n\n\n<p><strong>RIO DE JANEIRO &#8211; CENTRO<\/strong><\/p>\n\n\n\n<p>Servi\u00e7os: Licenciamento Anual<\/p>\n\n\n\n<p>Data: 17 de outubro<\/p>\n\n\n\n<p>Local: Avenida Presidente Vargas 817 \u2013 Centro (Sede Detran.RJ)<\/p>\n\n\n\n<p>Hor\u00e1rio: das 9h \u00e0s 16h<\/p>\n\n\n\n<p><strong>RIO DE JANEIRO \u2013 BARRA<\/strong><\/p>\n\n\n\n<p>Servi\u00e7os: Licenciamento Anual, Transfer\u00eancia de Propriedade, 1\u00aa Licen\u00e7a, 2\u00aa via de CRV, Transfer\u00eancias de Munic\u00edpio e de Jurisdi\u00e7\u00e3o, Troca de Placa<\/p>\n\n\n\n<p>Data: 17 de outubro<\/p>\n\n\n\n<p>Local: Avenida Ayrton Senna 2.541<\/p>\n\n\n\n<p>Hor\u00e1rio: das 9h \u00e0s 16h<\/p>\n\n\n\n<p><strong>S\u00c3O GON\u00c7ALO<\/strong><\/p>\n\n\n\n<p>Servi\u00e7os: Licenciamento Anual, Transfer\u00eancia de Propriedade, 1\u00aa Licen\u00e7a, 2\u00aa via de CRV, Transfer\u00eancias de Munic\u00edpio e de Jurisdi\u00e7\u00e3o, Troca de Placa<\/p>\n\n\n\n<p>Data: 17 de outubro<\/p>\n\n\n\n<p>Local: Rua Oliveira Botelho 167 &#8211; Neves<\/p>\n\n\n\n<p>Hor\u00e1rio: das 9h \u00e0s 16h<\/p>\n\n\n\n<p><strong>VOLTA REDONDA<\/strong><\/p>\n\n\n\n<p>Servi\u00e7os: Licenciamento Anual, Transfer\u00eancia de Propriedade, 1\u00aa Licen\u00e7a, 2\u00aa via de CRV, Transfer\u00eancias de Munic\u00edpio e de Jurisdi\u00e7\u00e3o, Troca de Placa<\/p>\n\n\n\n<p>Data: 17 de outubro<\/p>\n\n\n\n<p>Local: Avenida Francisco Cris\u00f3stomos Torres 1.135<\/p>\n\n\n\n<p>Hor\u00e1rio: das 9h \u00e0s 16h<\/p>\n\n\n\n<p><strong>CAMPOS<\/strong><\/p>\n\n\n\n<p>Servi\u00e7os: Licenciamento Anual, Transfer\u00eancia de Propriedade, 1\u00aa Licen\u00e7a, 2\u00aa via de CRV, Transfer\u00eancias de Munic\u00edpio e de Jurisdi\u00e7\u00e3o, Troca de Placa<\/p>\n\n\n\n<p>Data: 17 de outubro<\/p>\n\n\n\n<p>Local: Avenida Nilo Pe\u00e7anha 614 (Shopping Estrada)<\/p>\n\n\n\n<p>Hor\u00e1rio: Das 9h \u00e0s 16h<\/p>\n\n\n\n<p><strong>Habilita\u00e7\u00e3o<\/strong><\/p>\n\n\n\n<p><strong>RIO DE JANEIRO<\/strong><\/p>\n\n\n\n<p>Servi\u00e7os: Altera\u00e7\u00e3o de dados com inclus\u00e3o de Atividade Remunerada, Renova\u00e7\u00e3o de carteira, Mudan\u00e7a e Adi\u00e7\u00e3o de Categoria; 1\u00b0 Habilita\u00e7\u00e3o; 2\u00b0 via da Habilita\u00e7\u00e3o<\/p>\n\n\n\n<p>Data: 17 de outubro<\/p>\n\n\n\n<p>Local: Avenida Presidente Vargas 817 \u2013 Centro (Sede Detran.RJ)<\/p>\n\n\n\n<p>Hor\u00e1rio: Das 9h \u00e0s 16h<\/p>\n\n\n\n<figure class=\"wp-block-image size-large\"><img loading=\"lazy\" decoding=\"async\" width=\"254\" height=\"153\" src=\"https:\/\/tvc16.com\/portal\/wp-content\/uploads\/2020\/10\/DETRAN.jpg\" alt=\"\" class=\"wp-image-3031\"\/><figcaption> <\/figcaption><\/figure>\n","protected":false},"excerpt":{"rendered":"<p>A\u00e7\u00e3o atender\u00e1 mais de dois mil agendamentos com servi\u00e7os de habilita\u00e7\u00e3o, identifica\u00e7\u00e3o civil e ve\u00edculos<\/p>\n","protected":false},"author":2,"featured_media":3032,"comment_status":"open","ping_status":"open","sticky":false,"template":"","format":"standard","meta":{"footnotes":""},"categories":[1],"tags":[],"class_list":["post-3030","post","type-post","status-publish","format-standard","has-post-thumbnail","hentry","category-uncategorized"],"_links":{"self":[{"href":"https:\/\/tvc16.com\/portal\/wp-json\/wp\/v2\/posts\/3030","targetHints":{"allow":["GET"]}}],"collection":[{"href":"https:\/\/tvc16.com\/portal\/wp-json\/wp\/v2\/posts"}],"about":[{"href":"https:\/\/tvc16.com\/portal\/wp-json\/wp\/v2\/types\/post"}],"author":[{"embeddable":true,"href":"https:\/\/tvc16.com\/portal\/wp-json\/wp\/v2\/users\/2"}],"replies":[{"embeddable":true,"href":"https:\/\/tvc16.com\/portal\/wp-json\/wp\/v2\/comments?post=3030"}],"version-history":[{"count":1,"href":"https:\/\/tvc16.com\/portal\/wp-json\/wp\/v2\/posts\/3030\/revisions"}],"predecessor-version":[{"id":3033,"href":"https:\/\/tvc16.com\/portal\/wp-json\/wp\/v2\/posts\/3030\/revisions\/3033"}],"wp:featuredmedia":[{"embeddable":true,"href":"https:\/\/tvc16.com\/portal\/wp-json\/wp\/v2\/media\/3032"}],"wp:attachment":[{"href":"https:\/\/tvc16.com\/portal\/wp-json\/wp\/v2\/media?parent=3030"}],"wp:term":[{"taxonomy":"category","embeddable":true,"href":"https:\/\/tvc16.com\/portal\/wp-json\/wp\/v2\/categories?post=3030"},{"taxonomy":"post_tag","embeddable":true,"href":"https:\/\/tvc16.com\/portal\/wp-json\/wp\/v2\/tags?post=3030"}],"curies":[{"name":"wp","href":"https:\/\/api.w.org\/{rel}","templated":true}]}}