{"id":3034,"date":"2020-10-17T17:23:53","date_gmt":"2020-10-17T17:23:53","guid":{"rendered":"https:\/\/tvc16.com\/portal\/?p=3034"},"modified":"2020-10-17T17:23:53","modified_gmt":"2020-10-17T17:23:53","slug":"tecnologia-e-saude-cuidado-com-o-uso-em-excesso-dos-fones-de-ouvido","status":"publish","type":"post","link":"https:\/\/tvc16.com\/portal\/2020\/10\/17\/tecnologia-e-saude-cuidado-com-o-uso-em-excesso-dos-fones-de-ouvido\/","title":{"rendered":"Tecnologia e sa\u00fade: Cuidado com o uso em excesso dos fones de ouvido"},"content":{"rendered":"\n<p><\/p>\n\n\n\n<p>Os fones de ouvido t\u00eam sido um acess\u00f3rio indispens\u00e1vel nesta pandemia. Est\u00e3o presentes nas reuni\u00f5es virtuais de trabalho, nas aulas online, durante as chamadas de v\u00eddeo ou \u00e1udio com amigos e familiares; e, \u00e9 claro, na hora de ouvir m\u00fasica. Quem est\u00e1 fazendo home office n\u00e3o abre m\u00e3o deles. Mas se por um lado os fones s\u00e3o \u00fateis, podem tamb\u00e9m causar danos \u00e0 audi\u00e7\u00e3o e provocar perda auditiva precoce.<\/p>\n\n\n\n<p>&#8220;\u00c9 preciso cuidado com o volume do \u00e1udio e com o per\u00edodo de uso. Se houver excessos, podem surgir zumbidos, al\u00e9m de danos auditivos&#8221;, alerta a Fonoaudi\u00f3loga Marcella Vidal, da Telex Solu\u00e7\u00f5es Auditivas, que \u00e9 especialista em audiologia.<\/p>\n\n\n\n<p>A febre do uso dos fones preocupa a Organiza\u00e7\u00e3o Mundial de Sa\u00fade. (OMS). De acordo com a entidade, mais de 1 bilh\u00e3o de jovens no mundo corre o risco de desenvolver problemas de audi\u00e7\u00e3o diante da exposi\u00e7\u00e3o prolongada e excessiva a sons em volume alto, principalmente por meio dos fones de ouvido. O alerta da OMS veio junto com a publica\u00e7\u00e3o, no ano passado, de novos padr\u00f5es para a produ\u00e7\u00e3o de produtos tecnol\u00f3gicos que, segundo a entidade, est\u00e3o contribuindo para a atual situa\u00e7\u00e3o. A estimativa \u00e9 de que esse risco atinja 50% da popula\u00e7\u00e3o entre 12 e 35 anos de idade.<\/p>\n\n\n\n<p>&#8220;A grande preocupa\u00e7\u00e3o \u00e9 com o efeito cumulativo para a sa\u00fade auditiva. Dependendo do volume e do tempo de exposi\u00e7\u00e3o ao som elevado, al\u00e9m de predisposi\u00e7\u00e3o gen\u00e9tica, o indiv\u00edduo sofre danos auditivos cada vez mais severos, de forma cont\u00ednua, ao longo da vida. E as novas gera\u00e7\u00f5es ser\u00e3o as maiores v\u00edtimas, principalmente agora que o equipamento est\u00e1 sendo usado com mais frequ\u00eancia&#8221;, esclarece a fonoaudi\u00f3loga da Telex, que complementa: &#8220;Ao usar fones, evite ultrapassar a metade da pot\u00eancia do aparelho&#8221;.<\/p>\n\n\n\n<p>Existem v\u00e1rios tipos de fones de ouvido. O melhor \u00e9 o do tipo circumaural, que envolve toda a orelha, o que ajuda a isolar bem o som externo, permitindo melhor qualidade de som e evitando, assim, que o usu\u00e1rio aumente o volume. J\u00e1 os fones supra-auriculares tamb\u00e9m s\u00e3o grandes, mas, em vez de envolverem as orelhas, ficam sobre elas e, por isso, o bloqueio do som ambiente \u00e9 menor.<\/p>\n\n\n\n<p>Os mais usados ainda s\u00e3o os fones auriculares porque eles j\u00e1 v\u00eam junto com os smartphones. Esses n\u00e3o bloqueiam a entrada dos sons do ambiente e, deste modo, para conseguirem ouvir melhor a programa\u00e7\u00e3o sonora, muitas pessoas costumam aumentar o volume do aparelho, trazendo riscos \u00e0 audi\u00e7\u00e3o.<\/p>\n\n\n\n<p>H\u00e1 tamb\u00e9m no mercado os fones intra-auriculares, que se encaixam dentro do canal auditivo e permitem um bom isolamento sonoro. Eles podem ser encontrados nas vers\u00f5es Bluetooth e True wireless, mas podem incomodar ap\u00f3s muitas horas de uso. Al\u00e9m disso, \u00e9 bom redobrar o cuidado com o volume do som, pois com esse tipo de fone s\u00e3o maiores os riscos de danos auditivos.<\/p>\n","protected":false},"excerpt":{"rendered":"<p>Os fones de ouvido t\u00eam sido um acess\u00f3rio indispens\u00e1vel nesta pandemia. Est\u00e3o presentes nas reuni\u00f5es<\/p>\n","protected":false},"author":2,"featured_media":3035,"comment_status":"open","ping_status":"open","sticky":false,"template":"","format":"standard","meta":{"footnotes":""},"categories":[16],"tags":[],"class_list":["post-3034","post","type-post","status-publish","format-standard","has-post-thumbnail","hentry","category-colunistas"],"_links":{"self":[{"href":"https:\/\/tvc16.com\/portal\/wp-json\/wp\/v2\/posts\/3034","targetHints":{"allow":["GET"]}}],"collection":[{"href":"https:\/\/tvc16.com\/portal\/wp-json\/wp\/v2\/posts"}],"about":[{"href":"https:\/\/tvc16.com\/portal\/wp-json\/wp\/v2\/types\/post"}],"author":[{"embeddable":true,"href":"https:\/\/tvc16.com\/portal\/wp-json\/wp\/v2\/users\/2"}],"replies":[{"embeddable":true,"href":"https:\/\/tvc16.com\/portal\/wp-json\/wp\/v2\/comments?post=3034"}],"version-history":[{"count":1,"href":"https:\/\/tvc16.com\/portal\/wp-json\/wp\/v2\/posts\/3034\/revisions"}],"predecessor-version":[{"id":3036,"href":"https:\/\/tvc16.com\/portal\/wp-json\/wp\/v2\/posts\/3034\/revisions\/3036"}],"wp:featuredmedia":[{"embeddable":true,"href":"https:\/\/tvc16.com\/portal\/wp-json\/wp\/v2\/media\/3035"}],"wp:attachment":[{"href":"https:\/\/tvc16.com\/portal\/wp-json\/wp\/v2\/media?parent=3034"}],"wp:term":[{"taxonomy":"category","embeddable":true,"href":"https:\/\/tvc16.com\/portal\/wp-json\/wp\/v2\/categories?post=3034"},{"taxonomy":"post_tag","embeddable":true,"href":"https:\/\/tvc16.com\/portal\/wp-json\/wp\/v2\/tags?post=3034"}],"curies":[{"name":"wp","href":"https:\/\/api.w.org\/{rel}","templated":true}]}}