{"id":3037,"date":"2020-10-17T17:27:39","date_gmt":"2020-10-17T17:27:39","guid":{"rendered":"https:\/\/tvc16.com\/portal\/?p=3037"},"modified":"2020-10-17T17:27:39","modified_gmt":"2020-10-17T17:27:39","slug":"com-3-mil-atividades-comeca-a-semana-nacional-de-ciencia-e-tecnologia","status":"publish","type":"post","link":"https:\/\/tvc16.com\/portal\/2020\/10\/17\/com-3-mil-atividades-comeca-a-semana-nacional-de-ciencia-e-tecnologia\/","title":{"rendered":"Com 3 mil atividades, come\u00e7a a Semana Nacional de Ci\u00eancia e Tecnologia"},"content":{"rendered":"\n<p>Come\u00e7a neste s\u00e1bado (17), a 17\u00aa Semana Nacional de Ci\u00eancia e Tecnologia (SNCT), que promove eventos em todo o Brasil com o objetivo de dar visibilidade \u00e0s descobertas e inova\u00e7\u00f5es produzidas por institui\u00e7\u00f5es nacionais de pesquisa.<img decoding=\"async\" src=\"https:\/\/agenciabrasil.ebc.com.br\/ebc.png?id=1390895&amp;o=node\"><img decoding=\"async\" src=\"https:\/\/agenciabrasil.ebc.com.br\/ebc.gif?id=1390895&amp;o=node\"><\/p>\n\n\n\n<p>A ideia \u00e9 popularizar esse tipo de conhecimento, muitas vezes restrito a acad\u00eamicos, para os cidad\u00e3os, especialmente os mais jovens. A semana segue at\u00e9 a pr\u00f3xima sexta-feira (23).<\/p>\n\n\n\n<p>A SNCT \u00e9 uma iniciativa do Minist\u00e9rio da Ci\u00eancia, Tecnologia, Inova\u00e7\u00f5es (MCTI), em parceria com secretarias da \u00e1rea nos estados e munic\u00edpios, al\u00e9m de universidades, escolas e institui\u00e7\u00f5es de ensino e pesquisa.<\/p>\n\n\n\n<p>Atualmente, colaboram com a realiza\u00e7\u00e3o deste grande evento as universidades e institui\u00e7\u00f5es de pesquisa; escolas p\u00fablicas e privadas; institutos de ensino tecnol\u00f3gico, centros e museus de C&amp;T; entidades cient\u00edficas e tecnol\u00f3gicas; funda\u00e7\u00f5es de apoio \u00e0 pesquisa; parques ambientais, unidades de conserva\u00e7\u00e3o, jardins bot\u00e2nicos, entre outros.<\/p>\n\n\n\n<p>Neste ano, a SNCT ter\u00e1 como tema Intelig\u00eancia Artificial: a nova fronteira da ci\u00eancia brasileira. A&nbsp;<a href=\"http:\/\/conteudo.ebc.com.br\/agencia\/2020\/ia\/master\/ia2020.html\" target=\"_blank\" rel=\"noreferrer noopener\"><strong>Ag\u00eancia Brasil<\/strong><\/a>&nbsp;publicou no m\u00eas passado um especial sobre o assunto.<\/p>\n\n\n\n<p>De acordo com o minist\u00e9rio, a escolha do tema est\u00e1 relacionada ao potencial da intelig\u00eancia artificial de trazer ganhos na promo\u00e7\u00e3o da competitividade e no aumento da produtividade brasileira, na presta\u00e7\u00e3o de servi\u00e7os p\u00fablicos, na melhoria da qualidade de vida das pessoas e na redu\u00e7\u00e3o das desigualdades sociais, dentre outros.<\/p>\n\n\n\n<p>At\u00e9 domingo o pr\u00f3ximo (27), cerca de tr\u00eas mil atividades devem ser promovidas por 66 institui\u00e7\u00f5es ligadas aos governos federal, estaduais e municipais, escolas, centros de pesquisa e entidades da sociedade civil. Para conhecer a programa\u00e7\u00e3o, busque mais informa\u00e7\u00f5es na&nbsp;<a href=\"https:\/\/semanact.mcti.gov.br\/programacao\/\" target=\"_blank\" rel=\"noreferrer noopener\">p\u00e1gina do evento<\/a>.<\/p>\n\n\n\n<h2 class=\"wp-block-heading\">M\u00eas nacional<\/h2>\n\n\n\n<p>Desde o ano passado, o MCTI decidiu expandir as atividades da semana, e o governo federal denominou outubro como o M\u00eas Nacional da Ci\u00eancia, Tecnologia e Inova\u00e7\u00f5es, celebra\u00e7\u00e3o que ser\u00e1 realizada daqui para a frente pelo Executivo.<\/p>\n\n\n\n<p>De acordo com a pasta, em comunicado oficial em seu\u00a0<a href=\"https:\/\/www.gov.br\/mcti\/pt-br\"><em>site<\/em><\/a>, o m\u00eas nacional ter\u00e1 como prop\u00f3sito \u201cmobilizar a popula\u00e7\u00e3o, em especial crian\u00e7as e jovens, em torno de temas e atividades da \u00e1rea, valorizando a criatividade, a atitude cient\u00edfica a inova\u00e7\u00e3o e a comunica\u00e7\u00e3o\u201d.<\/p>\n\n\n\n<p>Publicado em 17\/10\/2020 &#8211; 11:40 Por Ag\u00eancia Brasil &#8211; Bras\u00edlia<\/p>\n\n\n\n<p>Edi\u00e7\u00e3o: A\u00e9cio Amado<\/p>\n","protected":false},"excerpt":{"rendered":"<p>Come\u00e7a neste s\u00e1bado (17), a 17\u00aa Semana Nacional de Ci\u00eancia e Tecnologia (SNCT), que promove<\/p>\n","protected":false},"author":2,"featured_media":3038,"comment_status":"open","ping_status":"open","sticky":false,"template":"","format":"standard","meta":{"footnotes":""},"categories":[16],"tags":[],"class_list":["post-3037","post","type-post","status-publish","format-standard","has-post-thumbnail","hentry","category-colunistas"],"_links":{"self":[{"href":"https:\/\/tvc16.com\/portal\/wp-json\/wp\/v2\/posts\/3037","targetHints":{"allow":["GET"]}}],"collection":[{"href":"https:\/\/tvc16.com\/portal\/wp-json\/wp\/v2\/posts"}],"about":[{"href":"https:\/\/tvc16.com\/portal\/wp-json\/wp\/v2\/types\/post"}],"author":[{"embeddable":true,"href":"https:\/\/tvc16.com\/portal\/wp-json\/wp\/v2\/users\/2"}],"replies":[{"embeddable":true,"href":"https:\/\/tvc16.com\/portal\/wp-json\/wp\/v2\/comments?post=3037"}],"version-history":[{"count":1,"href":"https:\/\/tvc16.com\/portal\/wp-json\/wp\/v2\/posts\/3037\/revisions"}],"predecessor-version":[{"id":3039,"href":"https:\/\/tvc16.com\/portal\/wp-json\/wp\/v2\/posts\/3037\/revisions\/3039"}],"wp:featuredmedia":[{"embeddable":true,"href":"https:\/\/tvc16.com\/portal\/wp-json\/wp\/v2\/media\/3038"}],"wp:attachment":[{"href":"https:\/\/tvc16.com\/portal\/wp-json\/wp\/v2\/media?parent=3037"}],"wp:term":[{"taxonomy":"category","embeddable":true,"href":"https:\/\/tvc16.com\/portal\/wp-json\/wp\/v2\/categories?post=3037"},{"taxonomy":"post_tag","embeddable":true,"href":"https:\/\/tvc16.com\/portal\/wp-json\/wp\/v2\/tags?post=3037"}],"curies":[{"name":"wp","href":"https:\/\/api.w.org\/{rel}","templated":true}]}}