{"id":3043,"date":"2020-10-17T17:42:14","date_gmt":"2020-10-17T17:42:14","guid":{"rendered":"https:\/\/tvc16.com\/portal\/?p=3043"},"modified":"2020-10-17T17:42:14","modified_gmt":"2020-10-17T17:42:14","slug":"melhor-da-serie-d-gama-recebe-o-bahia-de-feira","status":"publish","type":"post","link":"https:\/\/tvc16.com\/portal\/2020\/10\/17\/melhor-da-serie-d-gama-recebe-o-bahia-de-feira\/","title":{"rendered":"Melhor da S\u00e9rie D, Gama recebe o Bahia de Feira"},"content":{"rendered":"\n<h2 class=\"wp-block-heading\"><\/h2>\n\n\n\n<h3 class=\"wp-block-heading\">Poupados voltam no Alviverde, e Tremend\u00e3o tem desfalques por covid-19<\/h3>\n\n\n\n<h4 class=\"wp-block-heading\"> Por Lincoln Chaves &#8211; Rep\u00f3rter da TV Brasil e da R\u00e1dio Nacional &#8211; S\u00e3o Paulo<\/h4>\n\n\n\n<p>Com 16 pontos em seis rodadas, o Gama (DF) tem a melhor campanha geral da S\u00e9rie D do Campeonato Brasileiro. L\u00edder do Grupo 6, a equipe do Distrito Federal recebe o Bahia de Feira (BA) neste s\u00e1bado (17), \u00e0s 16h (hor\u00e1rio de Bras\u00edlia). O duelo no est\u00e1dio Bezerr\u00e3o, no Gama (DF), ter\u00e1 transmiss\u00e3o ao vivo da\u00a0<strong>TV Brasil<\/strong>.<img decoding=\"async\" src=\"https:\/\/agenciabrasil.ebc.com.br\/ebc.png?id=1390877&amp;o=node\"><\/p>\n\n\n\n<p><img decoding=\"async\" src=\"https:\/\/agenciabrasil.ebc.com.br\/ebc.gif?id=1390877&amp;o=node\">Um dos \u00fanicos invictos da S\u00e9rie D, ao lado de Rio Branco (AC), Salgueiro (PE), Central (PE), Bangu (RJ) e Novorizontino (SP), o Gama possui o terceiro melhor ataque do torneio, com 13 gols marcados, ao lado de Altos (PE) e Bragantino (PA) e superado apenas por Ferrovi\u00e1ria (SP), que foi \u00e0s redes 14 vezes, e pelo rival Brasiliense (DF), com 15 gols. J\u00e1 a defesa \u00e9 a segunda mais eficiente, com apenas dois tentos sofridos em seis jogos, s\u00f3 atr\u00e1s do Salgueiro, vazado uma vez (mas em cinco partidas).<\/p>\n\n\n\n<p>Para encarar o Bahia de Feira, o Alviverde ter\u00e1 a volta do meia Andrei Alba, que cumpriu suspens\u00e3o na vit\u00f3ria por 3 a 0 sobre o Palmas (TO) na \u00faltima quarta-feira (14). Poupados pelo t\u00e9cnico Vilson Tadei, os zagueiros Gustavo Henrique e Emerson, o meia Everton e o atacante Nunes est\u00e3o novamente \u00e0 disposi\u00e7\u00e3o. Destaque a Nunes, de 38 anos, artilheiro da equipe na temporada com 16 gols.<\/p>\n\n\n\n<p>J\u00e1 o Tremend\u00e3o inicia a rodada em quarto lugar, com nove pontos, embalado pelo 3 a 0 aplicado na Caldense, tamb\u00e9m na \u00faltima quarta-feira, em Feira de Santana (BA). A partida marcou o retorno do atacante Deon, vice-artilheiro do Campeonato Baiano, ap\u00f3s tr\u00eas semanas se recuperando de uma les\u00e3o muscular. Outra novidade no duelo foi o tamb\u00e9m atacante Chael, rec\u00e9m-contratado e que \u00e9 feirense de nascimento. Ele foi revelado em um projeto realizado na cidade chamado Acorda Para Vencer.<\/p>\n\n\n\n<p>O t\u00e9cnico Arnaldo Lira tem problemas para escalar o time diante do Gama. Al\u00e9m das contus\u00f5es do lateral Angelo, do volante Diones e do atacante Pel\u00e9, o clube informou na \u00faltima sexta-feira (16), pelas redes sociais, que seis jogadores testaram positivo para o novo coronav\u00edrus (covid-19) em exames feitos na segunda-feira (12). Segundo a postagem, os jogadores est\u00e3o assintom\u00e1ticos e isolados.<\/p>\n","protected":false},"excerpt":{"rendered":"<p>Poupados voltam no Alviverde, e Tremend\u00e3o tem desfalques por covid-19 Por Lincoln Chaves &#8211; Rep\u00f3rter<\/p>\n","protected":false},"author":2,"featured_media":3044,"comment_status":"open","ping_status":"open","sticky":false,"template":"","format":"standard","meta":{"footnotes":""},"categories":[20],"tags":[],"class_list":["post-3043","post","type-post","status-publish","format-standard","has-post-thumbnail","hentry","category-esporte"],"_links":{"self":[{"href":"https:\/\/tvc16.com\/portal\/wp-json\/wp\/v2\/posts\/3043","targetHints":{"allow":["GET"]}}],"collection":[{"href":"https:\/\/tvc16.com\/portal\/wp-json\/wp\/v2\/posts"}],"about":[{"href":"https:\/\/tvc16.com\/portal\/wp-json\/wp\/v2\/types\/post"}],"author":[{"embeddable":true,"href":"https:\/\/tvc16.com\/portal\/wp-json\/wp\/v2\/users\/2"}],"replies":[{"embeddable":true,"href":"https:\/\/tvc16.com\/portal\/wp-json\/wp\/v2\/comments?post=3043"}],"version-history":[{"count":1,"href":"https:\/\/tvc16.com\/portal\/wp-json\/wp\/v2\/posts\/3043\/revisions"}],"predecessor-version":[{"id":3045,"href":"https:\/\/tvc16.com\/portal\/wp-json\/wp\/v2\/posts\/3043\/revisions\/3045"}],"wp:featuredmedia":[{"embeddable":true,"href":"https:\/\/tvc16.com\/portal\/wp-json\/wp\/v2\/media\/3044"}],"wp:attachment":[{"href":"https:\/\/tvc16.com\/portal\/wp-json\/wp\/v2\/media?parent=3043"}],"wp:term":[{"taxonomy":"category","embeddable":true,"href":"https:\/\/tvc16.com\/portal\/wp-json\/wp\/v2\/categories?post=3043"},{"taxonomy":"post_tag","embeddable":true,"href":"https:\/\/tvc16.com\/portal\/wp-json\/wp\/v2\/tags?post=3043"}],"curies":[{"name":"wp","href":"https:\/\/api.w.org\/{rel}","templated":true}]}}