{"id":3046,"date":"2020-10-17T17:46:01","date_gmt":"2020-10-17T17:46:01","guid":{"rendered":"https:\/\/tvc16.com\/portal\/?p=3046"},"modified":"2020-10-17T17:47:53","modified_gmt":"2020-10-17T17:47:53","slug":"fluminense-recebe-ceara-tentando-manter-sequencia-positiva","status":"publish","type":"post","link":"https:\/\/tvc16.com\/portal\/2020\/10\/17\/fluminense-recebe-ceara-tentando-manter-sequencia-positiva\/","title":{"rendered":"Fluminense recebe Cear\u00e1 tentando manter sequ\u00eancia positiva"},"content":{"rendered":"\n<h2 class=\"wp-block-heading\"><\/h2>\n\n\n\n<h3 class=\"wp-block-heading\">R\u00e1dio Nacional transmite partida da 17\u00aa rodada do Brasileiro<\/h3>\n\n\n\n<h4 class=\"wp-block-heading\">Por Rodrigo Ricardo &#8211; Rep\u00f3rter da R\u00e1dio Nacional &#8211; Rio de Janeiro<\/h4>\n\n\n\n<p>O Fluminense recebe o Cear\u00e1 neste s\u00e1bado (17), a partir das 19h (hor\u00e1rio de Bras\u00edlia) no est\u00e1dio do Maracan\u00e3, pela 17\u00aa rodada do Brasileiro, tentando manter a boa sequ\u00eancia na competi\u00e7\u00e3o. Nas \u00faltimas cinco partidas o Tricolor venceu tr\u00eas vezes e empatou duas, o que fez com que desse um salto na classifica\u00e7\u00e3o, ocupando atualmente a quinta posi\u00e7\u00e3o com 25 pontos.<img decoding=\"async\" src=\"https:\/\/agenciabrasil.ebc.com.br\/ebc.png?id=1390861&amp;o=node\"><img decoding=\"async\" src=\"https:\/\/agenciabrasil.ebc.com.br\/ebc.gif?id=1390861&amp;o=node\"><\/p>\n\n\n\n<h2 class=\"wp-block-heading\">Retorno de veteranos<\/h2>\n\n\n\n<p>Ap\u00f3s o empate em 1 a 1 com o l\u00edder Atl\u00e9tico-MG, em partida realizada na \u00faltima quarta (14) no Mineir\u00e3o, o t\u00e9cnico Odair Hellmann ter\u00e1 o retorno dos veteranos Nen\u00ea e Fred, que foram poupados. Na lateral esquerda, Danilo Barcelos pode voltar ao time ap\u00f3s cumprir suspens\u00e3o pelo terceiro cart\u00e3o amarelo, mas disputa posi\u00e7\u00e3o com Eg\u00eddio. Quem est\u00e1 fora \u00e9 o peruano Fernando Pacheco, que teve uma les\u00e3o confirmada na coxa que o deixar\u00e1 fora de combate por pelo menos duas semanas.<\/p>\n\n\n\n<p>Em entrevista coletiva na \u00faltima sexta (16), o zagueiro Dig\u00e3o disse que o clube carioca brigar\u00e1 pelo t\u00edtulo: \u201c\u00c9 muito dif\u00edcil o campeonato, o mais disputado do mundo. Com a pandemia, sem torcida, aumenta ainda mais a dificuldade, mas temos que sempre olhar para o lado de cima da tabela\u201d.<\/p>\n\n\n\n<p>O zagueiro tamb\u00e9m destacou o papel de Emily Gon\u00e7alves, coordenadora do Departamento de Psicologia do Fluminense: \u201cEla faz um trabalho de formiguinha e quase ningu\u00e9m v\u00ea. Ela coloca o cara para o alto quando precisa, e p\u00f5e no trilho quando a pessoa come\u00e7a a pensar que \u00e9 o Pel\u00e9\u201d.<\/p>\n\n\n\n<h2 class=\"wp-block-heading\">T\u00e9cnico suspenso<\/h2>\n\n\n\n<p>J\u00e1 o Voz\u00e3o, que disputou sua \u00faltima partida no domingo passado (vit\u00f3ria de 2 a 1 sobre o Corinthians) teve a semana livre para treinar, o que, na avalia\u00e7\u00e3o do t\u00e9cnico Guto Ferreira, oferece algumas vantagens: \u201cProcuramos descansar e recuperar os jogadores e ao mesmo tempo trabalhar alguns ajustes nos setores defensivos, ofensivos e de transi\u00e7\u00e3o\u201d.<\/p>\n\n\n\n<p>E suspenso do confronto deste s\u00e1bado, o treinador manda sua equipe a campo tentando n\u00e3o pensar em outro tricolor, o Fortaleza, com quem decide o Campeonato Cearense na pr\u00f3xima quarta (21), ap\u00f3s perder o primeiro duelo por 2 a 1: \u201cTrabalhamos jogo a jogo. N\u00e3o estamos ainda em condi\u00e7\u00f5es de priorizar uma ou outra competi\u00e7\u00e3o\u201d.<\/p>\n\n\n\n<p>O Voz\u00e3o chega \u00e0 partida com o Flumiense com desfalques no setor defensivo, pois n\u00e3o contar\u00e1 com os laterais Samuel Xavier e Eduardo, al\u00e9m do zagueiro Luiz Ot\u00e1vio. \u201cN\u00e3o adianta ficar chorando guerreiros que n\u00e3o ir\u00e3o para a batalha. Temos que exaltar os guerreiros que v\u00e3o para a luta, e podem ter certeza de que o Cear\u00e1 tem grandes guerreiros\u201d, diz Guto, despistando a poss\u00edvel escala\u00e7\u00e3o de sua equipe.<\/p>\n\n\n\n<h2 class=\"wp-block-heading\">Transmiss\u00e3o da R\u00e1dio Nacional<\/h2>\n\n\n\n<p>A&nbsp;<strong>R\u00e1dio Nacional&nbsp;<\/strong>transmite Fluminense e Cear\u00e1 ao vivo. A narra\u00e7\u00e3o ser\u00e1 de Rodrigo Campos, os coment\u00e1rios de Mario Silva, a reportagem de Rodrigo Ricardo e o plant\u00e3o de Bruno Mendes. O Show de Bola Nacional come\u00e7a \u00e0s 18h30 (hor\u00e1rio de Bras\u00edlia). Voc\u00ea ouve a&nbsp;<strong>R\u00e1dio Nacional<\/strong>&nbsp;aqui:<\/p>\n\n\n\n<p><a href=\"https:\/\/aovivo.ebc.com.br\/embed-audio.html?emissora=radio-nacional-do-rio-de-janeiro\">https:\/\/aovivo.ebc.com.br\/embed-audio.html?emissora=radio-nacional-do-rio-de-janeiro<\/a><\/p>\n\n\n\n<p><a href=\"https:\/\/agenciabrasil.ebc.com.br\/esportes\/tabelas\/\">Veja classifica\u00e7\u00e3o atualizada da S\u00e9rie A do Brasileiro.<\/a><\/p>\n\n\n\n<p>Edi\u00e7\u00e3o: F\u00e1bio Lisboa<\/p>\n","protected":false},"excerpt":{"rendered":"<p>R\u00e1dio Nacional transmite partida da 17\u00aa rodada do Brasileiro Por Rodrigo Ricardo &#8211; Rep\u00f3rter da<\/p>\n","protected":false},"author":2,"featured_media":3047,"comment_status":"open","ping_status":"open","sticky":false,"template":"","format":"standard","meta":{"footnotes":""},"categories":[20],"tags":[],"class_list":["post-3046","post","type-post","status-publish","format-standard","has-post-thumbnail","hentry","category-esporte"],"_links":{"self":[{"href":"https:\/\/tvc16.com\/portal\/wp-json\/wp\/v2\/posts\/3046","targetHints":{"allow":["GET"]}}],"collection":[{"href":"https:\/\/tvc16.com\/portal\/wp-json\/wp\/v2\/posts"}],"about":[{"href":"https:\/\/tvc16.com\/portal\/wp-json\/wp\/v2\/types\/post"}],"author":[{"embeddable":true,"href":"https:\/\/tvc16.com\/portal\/wp-json\/wp\/v2\/users\/2"}],"replies":[{"embeddable":true,"href":"https:\/\/tvc16.com\/portal\/wp-json\/wp\/v2\/comments?post=3046"}],"version-history":[{"count":2,"href":"https:\/\/tvc16.com\/portal\/wp-json\/wp\/v2\/posts\/3046\/revisions"}],"predecessor-version":[{"id":3049,"href":"https:\/\/tvc16.com\/portal\/wp-json\/wp\/v2\/posts\/3046\/revisions\/3049"}],"wp:featuredmedia":[{"embeddable":true,"href":"https:\/\/tvc16.com\/portal\/wp-json\/wp\/v2\/media\/3047"}],"wp:attachment":[{"href":"https:\/\/tvc16.com\/portal\/wp-json\/wp\/v2\/media?parent=3046"}],"wp:term":[{"taxonomy":"category","embeddable":true,"href":"https:\/\/tvc16.com\/portal\/wp-json\/wp\/v2\/categories?post=3046"},{"taxonomy":"post_tag","embeddable":true,"href":"https:\/\/tvc16.com\/portal\/wp-json\/wp\/v2\/tags?post=3046"}],"curies":[{"name":"wp","href":"https:\/\/api.w.org\/{rel}","templated":true}]}}