{"id":3058,"date":"2020-10-17T18:41:47","date_gmt":"2020-10-17T18:41:47","guid":{"rendered":"https:\/\/tvc16.com\/portal\/?p=3058"},"modified":"2020-10-17T18:47:15","modified_gmt":"2020-10-17T18:47:15","slug":"dia-d-da-vacinacao-em-petropolis-tem-postos-abertos-ate-as-16h","status":"publish","type":"post","link":"https:\/\/tvc16.com\/portal\/2020\/10\/17\/dia-d-da-vacinacao-em-petropolis-tem-postos-abertos-ate-as-16h\/","title":{"rendered":"Dia D, da vacina\u00e7\u00e3o em Petr\u00f3polis, tem postos abertos at\u00e9 \u00e0s 16h"},"content":{"rendered":"\n<p>A prefeitura de Petr\u00f3polis dar\u00e1 in\u00edcio \u00e0 Campanha Nacional de Multivacina\u00e7\u00e3o, e Poliomielite, no m\u00eas de outubro. As a\u00e7\u00f5es come\u00e7aram no dia 05 deste m\u00eas e seguem at\u00e9 o dia 30, com o Dia D agendado para o dia 17 de outubro. O p\u00fablico-alvo da Multivacina\u00e7\u00e3o ser\u00e1 de 0 a 14 anos, apenas para atualiza\u00e7\u00e3o do calend\u00e1rio vacinal. N\u00e3o h\u00e1 doses extras de vacina a serem feitas. J\u00e1 a poliomielite tem como p\u00fablico-alvo crian\u00e7as de 1 ano completo at\u00e9 4 anos, 11 meses e 29 dias. Esses receber\u00e3o uma dose extra da vacina de poliomielite indiscriminadamente.&nbsp;<\/p>\n\n\n\n<figure class=\"wp-block-image\"><img decoding=\"async\" src=\"https:\/\/tvc16.com\/portal\/wp-content\/uploads\/2020\/10\/vacina-gotinha.jpg\" alt=\"O atributo alt desta imagem est\u00e1 vazio. O nome do arquivo \u00e9 vacina-gotinha.jpg\"\/><\/figure>\n\n\n\n<p>No caso da Multivacina\u00e7\u00e3o todos devem comparecer aos postos com a carteira de vacina\u00e7\u00e3o para ser avaliada a necessidade da vacina. Al\u00e9m dessas 2 campanhas, simultaneamente, a Secretaria Estadual De Sa\u00fade est\u00e1 divulgando a intensifica\u00e7\u00e3o do sarampo para adultos de 20 a 49 anos com dose indiscriminada (dose extra). As demais faixas et\u00e1rias (6 meses a 19 anos e 50 a 59 anos) s\u00f3 atualizar\u00e3o seu esquema vacinal, se for necess\u00e1rio. A Secretaria Municipal de Sa\u00fade est\u00e1 aguardando o envio das vacinas por parte do Minist\u00e9rio da Sa\u00fade.<\/p>\n\n\n\n<figure class=\"wp-block-image size-large\"><img loading=\"lazy\" decoding=\"async\" width=\"299\" height=\"179\" src=\"https:\/\/tvc16.com\/portal\/wp-content\/uploads\/2020\/10\/vacina-04.jpg\" alt=\"\" class=\"wp-image-3062\"\/><\/figure>\n\n\n\n<p>Abaixo, a rela\u00e7\u00e3o dos Postos de Sa\u00fade da Fam\u00edlia que estar\u00e3o abertas no Dia D, al\u00e9m das 15 salas de vacina\u00e7\u00e3o:<br>PSF Secret\u00e1rio &#8211; PSF Brejal- PSF Primeiro de Maio- PSF \u00c1guas Lindas &#8211; PSF Castelo S\u00e3o Manoel- PSF Fazenda Inglesa- PSF Carangola- PSF Bataillard\u00a0&#8211; PSF Amazonas- PSF Meio da Serra.<\/p>\n\n\n\n<p><br>Hoje \u00e9 o dia D, mas a campanha vai continuar nos locais e hor\u00e1rios abaixo:<br>Com exce\u00e7\u00e3o do Centro de Sa\u00fade, todas as salas estar\u00e3o em funcionamento nos seguintes hor\u00e1rios:<br>Centro de Sa\u00fade &#8211; de 8h \u00e0s 19h:30UBS Morin \u2013 8h \u00e0s 16hUBS Alto da Serra \u2013 8h \u00e0s 19h:30PSF S\u00e3o Sebasti\u00e3o \u2013 8h \u00e0s 16hUBS Quitandinha \u2013 8h \u00e0s 19h:30UBS Alto independ\u00eancia \u2013 8h \u00e0s 16hUBS Mosela \u2013 8h \u00e0s 16hUBS Retiro \u2013 8h \u00e0s 19h:30UBS Itamarati \u2013 8h \u00e0s 19h:30Ambulat\u00f3rio Escola HAC \u2013 8h \u00e0s 16hUBS Itaipava \u2013 8h \u00e0s 16hUBS Pedro do Rio \u2013 8h \u00e0s 16hPSF Posse \u2013 8h \u00e0s 16h<br>&#8211; N\u00e3o \u00e9 necess\u00e1rio o agendamento. Basta comparecer nos hor\u00e1rios de atendimento com o cart\u00e3o de vacina\u00e7\u00e3o e carteira do SUS, recente exig\u00eancia do Minist\u00e9rio de Sa\u00fade. Caso necess\u00e1rio, a carteira pode ser feita na hora pelos atendentes dos postos.<\/p>\n\n\n\n<p><\/p>\n\n\n\n<p><\/p>\n","protected":false},"excerpt":{"rendered":"<p>A prefeitura de Petr\u00f3polis dar\u00e1 in\u00edcio \u00e0 Campanha Nacional de Multivacina\u00e7\u00e3o, e Poliomielite, no m\u00eas<\/p>\n","protected":false},"author":2,"featured_media":3064,"comment_status":"open","ping_status":"open","sticky":false,"template":"","format":"standard","meta":{"footnotes":""},"categories":[12],"tags":[],"class_list":["post-3058","post","type-post","status-publish","format-standard","has-post-thumbnail","hentry","category-cidade"],"_links":{"self":[{"href":"https:\/\/tvc16.com\/portal\/wp-json\/wp\/v2\/posts\/3058","targetHints":{"allow":["GET"]}}],"collection":[{"href":"https:\/\/tvc16.com\/portal\/wp-json\/wp\/v2\/posts"}],"about":[{"href":"https:\/\/tvc16.com\/portal\/wp-json\/wp\/v2\/types\/post"}],"author":[{"embeddable":true,"href":"https:\/\/tvc16.com\/portal\/wp-json\/wp\/v2\/users\/2"}],"replies":[{"embeddable":true,"href":"https:\/\/tvc16.com\/portal\/wp-json\/wp\/v2\/comments?post=3058"}],"version-history":[{"count":3,"href":"https:\/\/tvc16.com\/portal\/wp-json\/wp\/v2\/posts\/3058\/revisions"}],"predecessor-version":[{"id":3065,"href":"https:\/\/tvc16.com\/portal\/wp-json\/wp\/v2\/posts\/3058\/revisions\/3065"}],"wp:featuredmedia":[{"embeddable":true,"href":"https:\/\/tvc16.com\/portal\/wp-json\/wp\/v2\/media\/3064"}],"wp:attachment":[{"href":"https:\/\/tvc16.com\/portal\/wp-json\/wp\/v2\/media?parent=3058"}],"wp:term":[{"taxonomy":"category","embeddable":true,"href":"https:\/\/tvc16.com\/portal\/wp-json\/wp\/v2\/categories?post=3058"},{"taxonomy":"post_tag","embeddable":true,"href":"https:\/\/tvc16.com\/portal\/wp-json\/wp\/v2\/tags?post=3058"}],"curies":[{"name":"wp","href":"https:\/\/api.w.org\/{rel}","templated":true}]}}