{"id":3072,"date":"2020-10-17T19:11:21","date_gmt":"2020-10-17T19:11:21","guid":{"rendered":"https:\/\/tvc16.com\/portal\/?p=3072"},"modified":"2020-10-17T19:11:21","modified_gmt":"2020-10-17T19:11:21","slug":"bolivianos-rejeitam-violencia-as-vesperas-de-eleicao-tensa","status":"publish","type":"post","link":"https:\/\/tvc16.com\/portal\/2020\/10\/17\/bolivianos-rejeitam-violencia-as-vesperas-de-eleicao-tensa\/","title":{"rendered":"Bolivianos rejeitam viol\u00eancia \u00e0s v\u00e9speras de elei\u00e7\u00e3o tensa"},"content":{"rendered":"\n<h4 class=\"wp-block-heading\">Por Marcelo Rochabrun &#8211; Reuters &#8211; La Paz (Bol\u00edvia)<\/h4>\n\n\n\n<p>Bolivianos das \u00e1reas mais ricas de La Paz come\u00e7aram a armazenar suprimentos essenciais e a fazer fila para comprar g\u00e1s antes da elei\u00e7\u00e3o presidencial deste domingo (18), temendo a volta dos conflitos letais que se seguiram \u00e0 vota\u00e7\u00e3o conturbada do ano passado.<img decoding=\"async\" src=\"https:\/\/agenciabrasil.ebc.com.br\/ebc.png?id=1390893&amp;o=node\"><img decoding=\"async\" src=\"https:\/\/agenciabrasil.ebc.com.br\/ebc.gif?id=1390893&amp;o=node\"><\/p>\n\n\n\n<p>Aquela elei\u00e7\u00e3o, depois anulada, levou \u00e0 renuncia de Evo Morales, l\u00edder de esquerda, e mergulhou o pa\u00eds em um v\u00e1cuo pol\u00edtico prec\u00e1rio &#8211; um governo conservador interino que n\u00e3o foi eleito est\u00e1 no poder desde ent\u00e3o.<\/p>\n\n\n\n<p>Agora os 7,3 milh\u00f5es de eleitores da Bol\u00edvia est\u00e3o em uma encruzilhada enquanto o pa\u00eds sofre com a pandemia de coronav\u00edrus: a volta do partido socialista de Morales ou uma guinada para o candidato de centro Carlos Mesa, um ex-presidente que ficou em segundo lugar em 2019.<\/p>\n\n\n\n<p>Muitos, por\u00e9m, querem simplesmente evitar o derramamento de sangue do ano passado, quando ao menos 30 pessoas foram mortas.<\/p>\n\n\n\n<p>&#8220;Quero paz. Chega de confus\u00e3o. N\u00e3o queremos mais sangue derramado. Nenhum sangue de nenhum partido pol\u00edtico&#8221;, disse Sandra Rivero, cujo parente Marcelo Terrazas perdeu a vida em meio \u00e0 viol\u00eancia do ano passado.<\/p>\n\n\n\n<p>A vota\u00e7\u00e3o de domingo agora ser\u00e1 uma repeti\u00e7\u00e3o daquela de 2019. Luis Arce, candidato do partido socialista e aliado pr\u00f3ximo de Morales, aparece nas pesquisas de opini\u00e3o \u00e0 frente de Mesa, mas aparentemente n\u00e3o com uma vantagem suficiente para evitar um segundo turno em 29 de novembro.<\/p>\n\n\n\n<p>A vota\u00e7\u00e3o, que ser\u00e1 presencial com protocolos de sa\u00fade por causa da pandemia de coronav\u00edrus, come\u00e7ar\u00e1 na manh\u00e3 de domingo, e os primeiros resultados devem sair perto das 20h locais.<\/p>\n\n\n\n<p>A capital administrativa La Paz \u00e9 uma cidade dividida radicalmente por classe e ra\u00e7a. Os mais ricos e mais brancos moram na parte inferior, fundada por espanh\u00f3is em uma altitude na qual o oxig\u00eanio \u00e9 mais abundante e a temperatura \u00e9 mais alta. Quanto mais se sobe, mais pobreza se v\u00ea.<\/p>\n\n\n\n<p>Na abastada Zona Sur, motoristas esperaram at\u00e9 uma hora para encher os tanques nesta sexta-feira, e grupos de WhatsApp ferviam com iniciativas fren\u00e9ticas de medidas de seguran\u00e7a.<\/p>\n\n\n\n<p>&#8220;As pessoas sofreram muito no ano passado&#8221;, disse Freddy Chipunavi, a\u00e7ougueiro do mercado de classe m\u00e9dia de Collasuyo, acrescentando que nos \u00faltimos dias vendeu 70% a mais de carne bovina a clientes que temem a escassez de alimentos vista no ano passado devido ao bloqueio de estradas.<\/p>\n\n\n\n<p>Muitos bolivianos criticam Morales por se aferrar ao poder durante tempo demais e de contornar limites constitucionais. Outros dizem que ele foi deposto por um golpe, e seu partido alertou para uma repeti\u00e7\u00e3o, ati\u00e7ando tens\u00f5es durante uma campanha tensa.<\/p>\n\n\n\n<p>A alta comiss\u00e1ria das Na\u00e7\u00f5es Unidas para os Direitos Humanos, Michelle Bachelet, ex-presidente chilena, disse em um comunicado na sexta-feira que ningu\u00e9m quer ver uma repeti\u00e7\u00e3o das &#8220;extensas viola\u00e7\u00f5es e abusos aos direitos humanos&#8221; de 2019.<\/p>\n\n\n\n<p>&#8220;\u00c9 essencial que todos os lados evitem novos atos de viol\u00eancia que possam desencadear um confronto&#8221;, disse ela.<\/p>\n\n\n\n<p>(Reportagem adicional da Reuters TV e de Daniel Ramos)<\/p>\n","protected":false},"excerpt":{"rendered":"<p>Por Marcelo Rochabrun &#8211; Reuters &#8211; La Paz (Bol\u00edvia) Bolivianos das \u00e1reas mais ricas de<\/p>\n","protected":false},"author":2,"featured_media":3073,"comment_status":"open","ping_status":"open","sticky":false,"template":"","format":"standard","meta":{"footnotes":""},"categories":[22],"tags":[],"class_list":["post-3072","post","type-post","status-publish","format-standard","has-post-thumbnail","hentry","category-internacional"],"_links":{"self":[{"href":"https:\/\/tvc16.com\/portal\/wp-json\/wp\/v2\/posts\/3072","targetHints":{"allow":["GET"]}}],"collection":[{"href":"https:\/\/tvc16.com\/portal\/wp-json\/wp\/v2\/posts"}],"about":[{"href":"https:\/\/tvc16.com\/portal\/wp-json\/wp\/v2\/types\/post"}],"author":[{"embeddable":true,"href":"https:\/\/tvc16.com\/portal\/wp-json\/wp\/v2\/users\/2"}],"replies":[{"embeddable":true,"href":"https:\/\/tvc16.com\/portal\/wp-json\/wp\/v2\/comments?post=3072"}],"version-history":[{"count":1,"href":"https:\/\/tvc16.com\/portal\/wp-json\/wp\/v2\/posts\/3072\/revisions"}],"predecessor-version":[{"id":3074,"href":"https:\/\/tvc16.com\/portal\/wp-json\/wp\/v2\/posts\/3072\/revisions\/3074"}],"wp:featuredmedia":[{"embeddable":true,"href":"https:\/\/tvc16.com\/portal\/wp-json\/wp\/v2\/media\/3073"}],"wp:attachment":[{"href":"https:\/\/tvc16.com\/portal\/wp-json\/wp\/v2\/media?parent=3072"}],"wp:term":[{"taxonomy":"category","embeddable":true,"href":"https:\/\/tvc16.com\/portal\/wp-json\/wp\/v2\/categories?post=3072"},{"taxonomy":"post_tag","embeddable":true,"href":"https:\/\/tvc16.com\/portal\/wp-json\/wp\/v2\/tags?post=3072"}],"curies":[{"name":"wp","href":"https:\/\/api.w.org\/{rel}","templated":true}]}}