{"id":3075,"date":"2020-10-17T19:13:43","date_gmt":"2020-10-17T19:13:43","guid":{"rendered":"https:\/\/tvc16.com\/portal\/?p=3075"},"modified":"2020-10-17T19:13:43","modified_gmt":"2020-10-17T19:13:43","slug":"libras-professores-da-rede-estadual-de-sao-paulo-poderao-fazer-curso","status":"publish","type":"post","link":"https:\/\/tvc16.com\/portal\/2020\/10\/17\/libras-professores-da-rede-estadual-de-sao-paulo-poderao-fazer-curso\/","title":{"rendered":"Libras: professores da rede estadual de S\u00e3o Paulo poder\u00e3o fazer curso"},"content":{"rendered":"\n<h2 class=\"wp-block-heading\"><\/h2>\n\n\n\n<h4 class=\"wp-block-heading\">Por Ag\u00eancia Brasil &#8211; S\u00e3o Paulo<\/h4>\n\n\n\n<p>O governo de S\u00e3o Paulo recebe, at\u00e9 a pr\u00f3xima quarta-feira (21), inscri\u00e7\u00f5es para o curso de L\u00edngua Brasileira de Sinais (Libras), que est\u00e1 sendo oferecido a profissionais que atuam na rede estadual de ensino. A atividade, programada para o per\u00edodo de 27 de outubro a 15 de dezembro, tem por objetivo promover a inclus\u00e3o de pessoas com defici\u00eancia auditiva e surdez, por meio do aprimoramento da comunica\u00e7\u00e3o das equipes.<img decoding=\"async\" src=\"https:\/\/agenciabrasil.ebc.com.br\/ebc.png?id=1390901&amp;o=node\"><img decoding=\"async\" src=\"https:\/\/agenciabrasil.ebc.com.br\/ebc.gif?id=1390901&amp;o=node\"><\/p>\n\n\n\n<p>As vagas s\u00e3o destinadas a servidores de magist\u00e9rio, apoio escolar e da Secretaria da Educa\u00e7\u00e3o, al\u00e9m de profissionais das redes municipais de ensino. Divididas em tr\u00eas m\u00f3dulos, as aulas totalizar\u00e3o 40 horas e ser\u00e3o ministradas \u00e0s ter\u00e7as e quintas-feiras, das 17h15 \u00e0s 18h45, em ambiente virtual.<\/p>\n\n\n\n<p>A a\u00e7\u00e3o \u00e9 organizada pelas Secretarias dos Direitos da Pessoa com Defici\u00eancia e de Educa\u00e7\u00e3o, por meio da Escola de Forma\u00e7\u00e3o e Aperfei\u00e7oamento dos Profissionais da Educa\u00e7\u00e3o (Efape). Para realizar a inscri\u00e7\u00e3o e participar do curso, basta acessar o site da institui\u00e7\u00e3o: http:\/\/escoladeformacao.sp.gov.br\/.<\/p>\n\n\n\n<p>Conforme menciona o governo estadual, vivem, no estado de S\u00e3o Paulo, mais de 3 milh\u00f5es de pessoas com defici\u00eancia. Ao todo, 14,49% delas t\u00eam defici\u00eancia auditiva.<\/p>\n\n\n\n<p>Edi\u00e7\u00e3o: A\u00e9cio Amado<\/p>\n","protected":false},"excerpt":{"rendered":"<p>Por Ag\u00eancia Brasil &#8211; S\u00e3o Paulo O governo de S\u00e3o Paulo recebe, at\u00e9 a pr\u00f3xima<\/p>\n","protected":false},"author":2,"featured_media":3076,"comment_status":"open","ping_status":"open","sticky":false,"template":"","format":"standard","meta":{"footnotes":""},"categories":[19],"tags":[],"class_list":["post-3075","post","type-post","status-publish","format-standard","has-post-thumbnail","hentry","category-educacao"],"_links":{"self":[{"href":"https:\/\/tvc16.com\/portal\/wp-json\/wp\/v2\/posts\/3075","targetHints":{"allow":["GET"]}}],"collection":[{"href":"https:\/\/tvc16.com\/portal\/wp-json\/wp\/v2\/posts"}],"about":[{"href":"https:\/\/tvc16.com\/portal\/wp-json\/wp\/v2\/types\/post"}],"author":[{"embeddable":true,"href":"https:\/\/tvc16.com\/portal\/wp-json\/wp\/v2\/users\/2"}],"replies":[{"embeddable":true,"href":"https:\/\/tvc16.com\/portal\/wp-json\/wp\/v2\/comments?post=3075"}],"version-history":[{"count":1,"href":"https:\/\/tvc16.com\/portal\/wp-json\/wp\/v2\/posts\/3075\/revisions"}],"predecessor-version":[{"id":3077,"href":"https:\/\/tvc16.com\/portal\/wp-json\/wp\/v2\/posts\/3075\/revisions\/3077"}],"wp:featuredmedia":[{"embeddable":true,"href":"https:\/\/tvc16.com\/portal\/wp-json\/wp\/v2\/media\/3076"}],"wp:attachment":[{"href":"https:\/\/tvc16.com\/portal\/wp-json\/wp\/v2\/media?parent=3075"}],"wp:term":[{"taxonomy":"category","embeddable":true,"href":"https:\/\/tvc16.com\/portal\/wp-json\/wp\/v2\/categories?post=3075"},{"taxonomy":"post_tag","embeddable":true,"href":"https:\/\/tvc16.com\/portal\/wp-json\/wp\/v2\/tags?post=3075"}],"curies":[{"name":"wp","href":"https:\/\/api.w.org\/{rel}","templated":true}]}}