{"id":3078,"date":"2020-10-17T19:16:15","date_gmt":"2020-10-17T19:16:15","guid":{"rendered":"https:\/\/tvc16.com\/portal\/?p=3078"},"modified":"2020-10-17T19:16:15","modified_gmt":"2020-10-17T19:16:15","slug":"brasileiro-conquista-bronze-inedito-na-copa-do-mundo-de-canoagem","status":"publish","type":"post","link":"https:\/\/tvc16.com\/portal\/2020\/10\/17\/brasileiro-conquista-bronze-inedito-na-copa-do-mundo-de-canoagem\/","title":{"rendered":"Brasileiro conquista bronze in\u00e9dito na Copa do Mundo de Canoagem"},"content":{"rendered":"\n<h2 class=\"wp-block-heading\"><\/h2>\n\n\n\n<h3 class=\"wp-block-heading\">Classificado para T\u00f3quio, Pep\u00ea fatura 1\u00aa medalha no retorno das provas<\/h3>\n\n\n\n<h4 class=\"wp-block-heading\">Por Ag\u00eancia Brasil &#8211; Rio de Janeiro<\/h4>\n\n\n\n<p>O paulista Pedro Gon\u00e7alves, mais conhecido como Pep\u00ea, fez hist\u00f3ria neste s\u00e1bado (17), ao conquistar a medalha de bronze in\u00e9dita no K1 (caiaque individual masculino), na etapa da Copa do Mundo de Canoagem, em Tacen, na Eslov\u00eania. Esta \u00e9 a primeira competi\u00e7\u00e3o da equipe brasileira, ap\u00f3s paralisa\u00e7\u00e3o das disputas internacionais,&nbsp;em decorr\u00eancia da pandemia do novo coronav\u00edrus (covid-19). O cano\u00edsta fez o tempo de 74,32 segundos, ficando a 0,93 cent\u00e9simos do primeiro colocado, o sueco Isak Ohrstrom. A prata ficou com o esloveno Peter Krauzer.<img decoding=\"async\" src=\"https:\/\/agenciabrasil.ebc.com.br\/ebc.png?id=1390899&amp;o=node\"><img decoding=\"async\" src=\"https:\/\/agenciabrasil.ebc.com.br\/ebc.gif?id=1390899&amp;o=node\"><\/p>\n\n\n\n<p>Apesar de ter feito a descida mais r\u00e1pida da prova, na pen\u00faltima baliza Pep\u00ea sofreu uma penalidade e foi punido com dois segundos a mais. Outro brasileiro, Mathieu Desnocs, tamb\u00e9m competiu no K1, mas terminou em 17\u00ba lugar.&nbsp;<\/p>\n\n\n\n<p>Em postagem emocionada no Instagram, Pep\u00ea, de 26 anos,&nbsp;revelou que a conquista deste s\u00e1bado (17) \u00e9 resultado de 11 anos de dedica\u00e7\u00e3o.&nbsp;<\/p>\n\n\n\n<p>\u201cEscrevo esse texto muito emocionado, talvez um cisco entrou no meu olho hehe s\u00f3 eu sei o que eu j\u00e1 passei para hoje dar um passo especial na minha trajet\u00f3ria, s\u00e3o 15 anos de muito trabalho e dedica\u00e7\u00e3o. Eu sai de casa com 16 anos em busca de um sonho e de l\u00e1 pra c\u00e1 j\u00e1 chorei MUITO amargando provas ruins e resultados que eu queria colocar no lixo, mas passado esses anos fui aprendendo que tudo faz parte da caminhada e do processo pra hoje ele conseguir essa medalha\u201d.<\/p>\n\n\n\n<p>A brasileira Ana S\u00e1tila tamb\u00e9m competiu neste s\u00e1bado (17)&nbsp;no K1 (caiaque individual feminino), mas ficou em novo lugar. Ela entra na \u00e1gua novamente amanh\u00e3 (18)&nbsp;para disputar a semifinal do C1 (canoa individual feminina).&nbsp;O Brasil ter\u00e1 ainda um outro representante neste domingo na competi\u00e7\u00e3o: Felipe Borges est\u00e1 na semifinal do C1 (canoa individual masculina).<\/p>\n\n\n\n<p>Ambas as provas ter\u00e3o in\u00edcio \u00e0s 4h (hor\u00e1rio de Bras\u00edlia) e ser\u00e3o transmitidas ao vivo no Youtube da&nbsp;<a href=\"https:\/\/www.youtube.com\/c\/PlanetCanoe\/featured\"><strong>Federa\u00e7\u00e3o Internacional de Canoagem.<\/strong><\/a><\/p>\n\n\n\n<p>Edi\u00e7\u00e3o: Cl\u00e1udia Soares Rodrigues<\/p>\n","protected":false},"excerpt":{"rendered":"<p>Classificado para T\u00f3quio, Pep\u00ea fatura 1\u00aa medalha no retorno das provas Por Ag\u00eancia Brasil &#8211;<\/p>\n","protected":false},"author":2,"featured_media":3079,"comment_status":"open","ping_status":"open","sticky":false,"template":"","format":"standard","meta":{"footnotes":""},"categories":[20],"tags":[],"class_list":["post-3078","post","type-post","status-publish","format-standard","has-post-thumbnail","hentry","category-esporte"],"_links":{"self":[{"href":"https:\/\/tvc16.com\/portal\/wp-json\/wp\/v2\/posts\/3078","targetHints":{"allow":["GET"]}}],"collection":[{"href":"https:\/\/tvc16.com\/portal\/wp-json\/wp\/v2\/posts"}],"about":[{"href":"https:\/\/tvc16.com\/portal\/wp-json\/wp\/v2\/types\/post"}],"author":[{"embeddable":true,"href":"https:\/\/tvc16.com\/portal\/wp-json\/wp\/v2\/users\/2"}],"replies":[{"embeddable":true,"href":"https:\/\/tvc16.com\/portal\/wp-json\/wp\/v2\/comments?post=3078"}],"version-history":[{"count":1,"href":"https:\/\/tvc16.com\/portal\/wp-json\/wp\/v2\/posts\/3078\/revisions"}],"predecessor-version":[{"id":3080,"href":"https:\/\/tvc16.com\/portal\/wp-json\/wp\/v2\/posts\/3078\/revisions\/3080"}],"wp:featuredmedia":[{"embeddable":true,"href":"https:\/\/tvc16.com\/portal\/wp-json\/wp\/v2\/media\/3079"}],"wp:attachment":[{"href":"https:\/\/tvc16.com\/portal\/wp-json\/wp\/v2\/media?parent=3078"}],"wp:term":[{"taxonomy":"category","embeddable":true,"href":"https:\/\/tvc16.com\/portal\/wp-json\/wp\/v2\/categories?post=3078"},{"taxonomy":"post_tag","embeddable":true,"href":"https:\/\/tvc16.com\/portal\/wp-json\/wp\/v2\/tags?post=3078"}],"curies":[{"name":"wp","href":"https:\/\/api.w.org\/{rel}","templated":true}]}}