{"id":3087,"date":"2020-10-17T19:31:28","date_gmt":"2020-10-17T19:31:28","guid":{"rendered":"https:\/\/tvc16.com\/portal\/?p=3087"},"modified":"2020-10-17T19:31:28","modified_gmt":"2020-10-17T19:31:28","slug":"rio-montreux-jazz-festival-tera-conteudo-online-gratuito","status":"publish","type":"post","link":"https:\/\/tvc16.com\/portal\/2020\/10\/17\/rio-montreux-jazz-festival-tera-conteudo-online-gratuito\/","title":{"rendered":"Rio Montreux Jazz Festival ter\u00e1 conte\u00fado online gratuito"},"content":{"rendered":"\n<h1 class=\"wp-block-heading\"><\/h1>\n\n\n\n<p><a rel=\"noreferrer noopener\" href=\"https:\/\/www.facebook.com\/dialog\/feed?app_id=458584288257241&amp;link=https%3A%2F%2Fbr.noticias.yahoo.com%2Frio-montreux-jazz-festival-ter%25C3%25A1-185600671.html%3Fsoc_src%3Dsocial-sh%26soc_trk%3Dfb%26tsrc%3Dfb\" target=\"_blank\"><\/a><a rel=\"noreferrer noopener\" href=\"https:\/\/twitter.com\/intent\/tweet?text=Rio%20Montreux%20Jazz%20Festival%20ter%C3%A1%20conte%C3%BAdo%20online%20gratuito&amp;url=https%3A%2F%2Fbr.noticias.yahoo.com%2Frio-montreux-jazz-festival-ter%25C3%25A1-185600671.html%3Fsoc_src%3Dsocial-sh%26soc_trk%3Dtw%26tsrc%3Dtwtr&amp;via=YahooBr\" target=\"_blank\"><\/a><a rel=\"noreferrer noopener\" href=\"mailto:?subject=Rio%20Montreux%20Jazz%20Festival%20ter%C3%A1%20conte%C3%BAdo%20online%20gratuito&amp;body=https%3A%2F%2Fbr.noticias.yahoo.com%2Frio-montreux-jazz-festival-ter%25C3%25A1-185600671.html%3Fsoc_src%3Dsocial-sh%26soc_trk%3Dma\" target=\"_blank\"><\/a>Alana Gandra &#8211; Rep\u00f3rter da Ag\u00eancia Brasildom.<\/p>\n\n\n\n<p>A segunda edi\u00e7\u00e3o do Rio Montreux Jazz Festival acontece entre os dias 23 e 25 deste m\u00eas, em formato in\u00e9dito para o evento, com todo o conte\u00fado transmitido gratuitamente&nbsp;pela internet. O festival tem apoio do Minist\u00e9rio do Turismo e patroc\u00ednio da Mastercard.<\/p>\n\n\n\n<p>Visando fomentar os mercados de m\u00fasica e entretenimento do pa\u00eds, o festival traz um elenco formado&nbsp;por artistas nacionais, entre cantores, compositores e instrumentistas, como Milton Nascimento, Jo\u00e3o Donato e Yamandu Costa, al\u00e9m de nomes internacionais do&nbsp;<em>jazz<\/em>&nbsp;e da&nbsp;<em>world music<\/em>, como a diva do&nbsp;<em>soul music<\/em>, Macy Gray. O objetivo do evento \u00e9 promover a democratiza\u00e7\u00e3o do acesso ao&nbsp;<em>jazz<\/em>&nbsp;e \u00e0 m\u00fasica instrumental.<\/p>\n\n\n\n<p>O festival pretende conectar diferentes lugares por meio da m\u00fasica, a partir das apresenta\u00e7\u00f5es que acontecer\u00e3o diretamente de Los Angeles, Nova York e do Brasil, nos estados do Rio de Janeiro e Minas Gerais.<\/p>\n\n\n\n<p>Em solo nacional, a maioria das performances\u00a0ocorrer\u00e1 em um palco montado no Hotel Fairmont Copacabana, zona sul do Rio, de onde ser\u00e3o revelados n\u00e3o s\u00f3 os talentos dos artistas brasileiros para o mundo, mas tamb\u00e9m as belezas da capital fluminense. Faz parte tamb\u00e9m da programa\u00e7\u00e3o uma apresenta\u00e7\u00e3o mais intimista, feita na casa de Milton Nascimento, o Bituca, em Minas Gerais. Os\u00a0<em>shows<\/em>\u00a0poder\u00e3o ser vistos no\u00a0<a rel=\"noreferrer noopener\" href=\"https:\/\/www.youtube.com\/channel\/UCVsIsjtG5TdPInMJkzJuIgA\" target=\"_blank\">canal do\u00a0<em>YouTube<\/em>\u00a0do festival<\/a>.<\/p>\n\n\n\n<p>Ser\u00e3o 23&nbsp;<em>shows<\/em>&nbsp;in\u00e9ditos. Al\u00e9m do Bituca, est\u00e3o confirmados Toquinho, Jo\u00e3o Donato, Yamandu Costa, Hamilton de Holanda, Amaro Freitas e Roberto Menescal, entre outros. J\u00e1 o time de artistas internacionais traz atra\u00e7\u00f5es como Macy Gray, Christian Scott, Anat Cohen, o coral Sing Harlem e Stanley Jordan.<\/p>\n\n\n\n<p>O cartaz do Rio Montreux Jazz Festival \u00e9 assinado, este ano, pelo artista pl\u00e1stico Vik Muniz, que teve carta branca no processo criativo, seguindo o padr\u00e3o do festival da Su\u00ed\u00e7a. Nesta edi\u00e7\u00e3o, os instrumentos ganharam cores e formas l\u00fadicas e foram desenvolvidos por crian\u00e7as da Escola do Vidigal, em S\u00e3o Conrado, zona da capital Rio de Janeiro, sob a supervis\u00e3o de Vik Muniz.<\/p>\n\n\n\n<p>A m\u00fasica instrumental latina ter\u00e1 o encontro in\u00e9dito das tecladistas Bianca Gismonti e Claudia Castelo Branco com a percussionista Lahn Lahn. O festival traz tamb\u00e9m a&nbsp;<em>big band<\/em>&nbsp;Jazzmin\u2019s, umas das maiores orquestras do mundo, composta apenas por mulheres. A artista Anat Cohen, clarinetista israelense e uma das respons\u00e1veis por popularizar o choro brasileiro no mundo, tamb\u00e9m faz parte do elenco, que conta ainda com o Lu\u00edsa Mitre Quinteto, comandando pela pianista, compositora e arranjadora Lu\u00edsa Mitre.<\/p>\n\n\n\n<p>Nesta segunda edi\u00e7\u00e3o do festival, o p\u00fablico poder\u00e1 acompanhar artistas de diferentes gera\u00e7\u00f5es tocando lado a lado. Destaque para os guitarristas Stanley Jordan e Diego Figueiredo, que v\u00eam de uma turn\u00ea em dupla por&nbsp;Estados Unidos e Europa com ingressos esgotados e sucesso de cr\u00edtica; ou o jovem talento Amaro Freitas, que se apresentar\u00e1 pela primeira vez em companhia do bandolinista brasileiro mais respeitado no mundo, Hamilton de Holanda.<\/p>\n\n\n\n<p>J\u00e1 o violonista brasileiro, destaque do viol\u00e3o de sete cordas, Yamandu Costa, retorna ao festival para um&nbsp;<em>show<\/em>&nbsp;instrumental com Toquinho, grande nome da m\u00fasica nacional, com mais de 55 anos de carreira e mais de 500 composi\u00e7\u00f5es e 90 discos gravados. Roberto Menescal e Marcos Valle, dois dos criadores da Bossa Nova, v\u00e3o proporcionar ao p\u00fablico uma viagem pelo melhor da m\u00fasica instrumental nacional.<\/p>\n\n\n\n<h2 class=\"wp-block-heading\">Homenagens<\/h2>\n\n\n\n<p>De acordo com informa\u00e7\u00e3o da assessoria de imprensa do Rio Montreux Jazz Festival, ter\u00e3o destaque tamb\u00e9m durante o evento as homenagens a grandes nomes da m\u00fasica brasileira. Na atra\u00e7\u00e3o&nbsp;<em>Os sonhos n\u00e3o envelhecem<\/em>, o coral Sing Harlem, um dos maiores corais gospel&nbsp;americanos, se junta \u00e0 Maria Gadu e Samuel Rosa para uma visita \u00e0 obra de Milton Nascimento, com participa\u00e7\u00e3o do pr\u00f3prio compositor. J\u00e1 na atra\u00e7\u00e3o&nbsp;<em>Viva Gonzag\u00e3o<\/em>, os jovens instrumentistas brasileiros Pipoquinha e Mestrinho se unem a Marcos Suzano pela primeira vez para exaltar a obra do rei do bai\u00e3o, Luiz Gonzaga.<\/p>\n\n\n\n<p>O evento apresenta tamb\u00e9m ao p\u00fablico a Camerata Jovem do Rio de Janeiro, projeto formado por jovens de comunidades carentes, que vem conquistando o mundo. Outra novidade ser\u00e1 o primeiro&nbsp;<em>show<\/em>&nbsp;instrumental da hist\u00f3ria do&nbsp;<em>funk<\/em>&nbsp;brasileiro, a cargo da Funk Orquestra, com a participa\u00e7\u00e3o de dan\u00e7arinos do passinho.<\/p>\n\n\n\n<p>Tamb\u00e9m a Rio Jazz Orchestra,&nbsp;estar\u00e1 no festival, tocando sucessos da m\u00fasica mundial, mas preservando os arranjos cl\u00e1ssicos com toques atuais e elementos latinos. A Orquestra Rumpilezz, com ritmos afrobaianos, e a PianOrquestra, com t\u00e9cnicas de piano preparado e piano expandido, aplicadas de maneira l\u00fadica por seus integrantes, prometem atrair aplausos do p\u00fablico.<\/p>\n\n\n\n<h2 class=\"wp-block-heading\">Recordando<\/h2>\n\n\n\n<p>Para relembrar a primeira apresenta\u00e7\u00e3o de m\u00fasicos brasileiros na edi\u00e7\u00e3o Su\u00ed\u00e7a do Montreux Jazz Festival, o grupo A Cor do Som subir\u00e1 ao palco carioca do festival e apresentar\u00e1 parte do repert\u00f3rio do&nbsp;<em>show<\/em>&nbsp;de 1978 em vers\u00e3o instrumental. Caber\u00e1 ao grupo Som Imagin\u00e1rio, que conta com participantes ativos do Clube de Esquina, levar para o evento a uni\u00e3o de refer\u00eancias de&nbsp;<em>rock<\/em>&nbsp;progressivo e m\u00fasica regional. Outra grande novidade \u00e9 a participa\u00e7\u00e3o de Sergio Dias, fundador dos Mutantes, que depois de longa temporada nos Estados Unidos apresenta seu novo projeto de jazz&nbsp;e m\u00fasica instrumental.<\/p>\n\n\n\n<p>Na \u00faltima noite do festival, se apresentar\u00e1 no Fairmont Copacabana o violoncelista, arranjador, maestro, produtor musical e compositor brasileiro Jaques Morelenbaum, vencedor de diversos Grammys, com seu trio instrumental. Est\u00e3o confirmados tamb\u00e9m para a segunda edi\u00e7\u00e3o do Rio Montreux Jazz Festival dois pianistas de diferentes gera\u00e7\u00f5es: Jonathan Ferr, que tem usado a inspira\u00e7\u00e3o de ritmos como funk&nbsp;e hip-hop&nbsp;para fazer um jazz&nbsp;urbano e popular; e Jo\u00e3o Donato, um dos criadores da bossa nova e compositor de grandes sucessos.<\/p>\n\n\n\n<p>Segundo o idealizador do festival, Marco Mazzola, um dos principais conceitos do evento \u00e9 promover esses encontros in\u00e9ditos em um<em>&nbsp;show<\/em>&nbsp;\u00fanico. \u201cDar ao p\u00fablico algo exclusivo, que nunca viu antes. Este ano, com tantos desafios que tivemos que enfrentar no mundo e no mercado da m\u00fasica, o Rio Montreux Jazz Festival ser\u00e1 um sopro de alegria e m\u00fasica de qualidade, assim como uma forma de prestigiar a m\u00fasica nacional. \u00c9 um projeto que me enche de orgulho e que este ano ganha um significado a mais\u201d, apontou Mazzola.<\/p>\n\n\n\n<h3 class=\"wp-block-heading\"><\/h3>\n","protected":false},"excerpt":{"rendered":"<p>Alana Gandra &#8211; Rep\u00f3rter da Ag\u00eancia Brasildom. A segunda edi\u00e7\u00e3o do Rio Montreux Jazz Festival<\/p>\n","protected":false},"author":2,"featured_media":3088,"comment_status":"open","ping_status":"open","sticky":false,"template":"","format":"standard","meta":{"footnotes":""},"categories":[21],"tags":[],"class_list":["post-3087","post","type-post","status-publish","format-standard","has-post-thumbnail","hentry","category-cultura"],"_links":{"self":[{"href":"https:\/\/tvc16.com\/portal\/wp-json\/wp\/v2\/posts\/3087","targetHints":{"allow":["GET"]}}],"collection":[{"href":"https:\/\/tvc16.com\/portal\/wp-json\/wp\/v2\/posts"}],"about":[{"href":"https:\/\/tvc16.com\/portal\/wp-json\/wp\/v2\/types\/post"}],"author":[{"embeddable":true,"href":"https:\/\/tvc16.com\/portal\/wp-json\/wp\/v2\/users\/2"}],"replies":[{"embeddable":true,"href":"https:\/\/tvc16.com\/portal\/wp-json\/wp\/v2\/comments?post=3087"}],"version-history":[{"count":1,"href":"https:\/\/tvc16.com\/portal\/wp-json\/wp\/v2\/posts\/3087\/revisions"}],"predecessor-version":[{"id":3089,"href":"https:\/\/tvc16.com\/portal\/wp-json\/wp\/v2\/posts\/3087\/revisions\/3089"}],"wp:featuredmedia":[{"embeddable":true,"href":"https:\/\/tvc16.com\/portal\/wp-json\/wp\/v2\/media\/3088"}],"wp:attachment":[{"href":"https:\/\/tvc16.com\/portal\/wp-json\/wp\/v2\/media?parent=3087"}],"wp:term":[{"taxonomy":"category","embeddable":true,"href":"https:\/\/tvc16.com\/portal\/wp-json\/wp\/v2\/categories?post=3087"},{"taxonomy":"post_tag","embeddable":true,"href":"https:\/\/tvc16.com\/portal\/wp-json\/wp\/v2\/tags?post=3087"}],"curies":[{"name":"wp","href":"https:\/\/api.w.org\/{rel}","templated":true}]}}