{"id":3100,"date":"2020-10-18T15:23:34","date_gmt":"2020-10-18T15:23:34","guid":{"rendered":"https:\/\/tvc16.com\/portal\/?p=3100"},"modified":"2020-10-18T15:23:34","modified_gmt":"2020-10-18T15:23:34","slug":"nove-bancos-de-alimentos-receberao-um-incentivo-somado-de-r36-milhoes","status":"publish","type":"post","link":"https:\/\/tvc16.com\/portal\/2020\/10\/18\/nove-bancos-de-alimentos-receberao-um-incentivo-somado-de-r36-milhoes\/","title":{"rendered":"Nove Bancos de Alimentos receber\u00e3o um incentivo somado de R$3,6 milh\u00f5es"},"content":{"rendered":"\n<p>O Governo Federal vai fortalecer a Rede Brasileira de Bancos de Alimentos. O servi\u00e7o recebe e doa produtos a institui\u00e7\u00f5es. Al\u00e9m de reduzir o desperd\u00edcio, a ideia \u00e9 que a comida chegue mais r\u00e1pido a quem precisa.&nbsp;<\/p>\n\n\n\n<p>Nesta semana, o Minist\u00e9rio da Cidadania selecionou, por meio da Secretaria Nacional de Inclus\u00e3o Social e Produtiva (SEISP), o resultado final do edital de Sele\u00e7\u00e3o P\u00fablica de Propostas para Apoio \u00e0 Moderniza\u00e7\u00e3o de Bancos de Alimentos, aberto em agosto.&nbsp;<\/p>\n\n\n\n<p>Foram selecionadas nove propostas, que juntas receber\u00e3o repasses de mais de R$ 3,6 milh\u00f5es que dever\u00e3o servir para aprimorar a capacidade de arrecada\u00e7\u00e3o de g\u00eaneros aliment\u00edcios excedentes e sem valor comercial, melhorando as condi\u00e7\u00f5es de operacionaliza\u00e7\u00e3o dos servi\u00e7os, al\u00e9m de reduzir o risco de exposi\u00e7\u00e3o a contaminantes e de deteriora\u00e7\u00e3o dos mantimentos coletados.<\/p>\n\n\n\n<p>A distribui\u00e7\u00e3o da renda levar\u00e1 em conta o tamanho dos bancos e a popula\u00e7\u00e3o a qual atendem, sendo m\u00ednimo de R$ 235 mil e m\u00e1ximos de R$ 300 mil para munic\u00edpios com at\u00e9 300 mil habitantes e de R$ 500 mil para munic\u00edpios com mais de 300 mil habitantes.<br>&nbsp;<\/p>\n\n\n\n<p>Fonte: <a href=\"https:\/\/brasil61.com\/noticias\/nove-bancos-de-alimentos-receberao-um-incentivo-somado-de-r-3-6-milhoes-bras202252?email=bethdeoliveira@yahoo.com.br&amp;utm_source=newsletter&amp;utm_medium=newsletter&amp;utm_campaign=newsletter\" target=\"_blank\" rel=\"noreferrer noopener\">Brasil 61<\/a><\/p>\n","protected":false},"excerpt":{"rendered":"<p>O Governo Federal vai fortalecer a Rede Brasileira de Bancos de Alimentos. O servi\u00e7o recebe<\/p>\n","protected":false},"author":2,"featured_media":3101,"comment_status":"open","ping_status":"open","sticky":false,"template":"","format":"standard","meta":{"footnotes":""},"categories":[13],"tags":[],"class_list":["post-3100","post","type-post","status-publish","format-standard","has-post-thumbnail","hentry","category-saude"],"_links":{"self":[{"href":"https:\/\/tvc16.com\/portal\/wp-json\/wp\/v2\/posts\/3100","targetHints":{"allow":["GET"]}}],"collection":[{"href":"https:\/\/tvc16.com\/portal\/wp-json\/wp\/v2\/posts"}],"about":[{"href":"https:\/\/tvc16.com\/portal\/wp-json\/wp\/v2\/types\/post"}],"author":[{"embeddable":true,"href":"https:\/\/tvc16.com\/portal\/wp-json\/wp\/v2\/users\/2"}],"replies":[{"embeddable":true,"href":"https:\/\/tvc16.com\/portal\/wp-json\/wp\/v2\/comments?post=3100"}],"version-history":[{"count":1,"href":"https:\/\/tvc16.com\/portal\/wp-json\/wp\/v2\/posts\/3100\/revisions"}],"predecessor-version":[{"id":3102,"href":"https:\/\/tvc16.com\/portal\/wp-json\/wp\/v2\/posts\/3100\/revisions\/3102"}],"wp:featuredmedia":[{"embeddable":true,"href":"https:\/\/tvc16.com\/portal\/wp-json\/wp\/v2\/media\/3101"}],"wp:attachment":[{"href":"https:\/\/tvc16.com\/portal\/wp-json\/wp\/v2\/media?parent=3100"}],"wp:term":[{"taxonomy":"category","embeddable":true,"href":"https:\/\/tvc16.com\/portal\/wp-json\/wp\/v2\/categories?post=3100"},{"taxonomy":"post_tag","embeddable":true,"href":"https:\/\/tvc16.com\/portal\/wp-json\/wp\/v2\/tags?post=3100"}],"curies":[{"name":"wp","href":"https:\/\/api.w.org\/{rel}","templated":true}]}}