{"id":3109,"date":"2020-10-18T15:29:18","date_gmt":"2020-10-18T15:29:18","guid":{"rendered":"https:\/\/tvc16.com\/portal\/?p=3109"},"modified":"2020-10-18T15:29:18","modified_gmt":"2020-10-18T15:29:18","slug":"inflacao-dos-mais-pobres-e-maior-que-a-dos-mais-ricos-em-setembro-diz-ipea","status":"publish","type":"post","link":"https:\/\/tvc16.com\/portal\/2020\/10\/18\/inflacao-dos-mais-pobres-e-maior-que-a-dos-mais-ricos-em-setembro-diz-ipea\/","title":{"rendered":"Infla\u00e7\u00e3o dos mais pobres \u00e9 maior que a dos mais ricos em setembro, diz Ipea"},"content":{"rendered":"\n<p>A infla\u00e7\u00e3o subiu 0,98% para a popula\u00e7\u00e3o mais pobre no m\u00eas de setembro, \u00edndice superior \u00e0 eleva\u00e7\u00e3o de 0,29% observada para os mais ricos. Os dados s\u00e3o do <a href=\"https:\/\/www.ipea.gov.br\/cartadeconjuntura\/index.php\/2020\/10\/inflacao-por-faixa-de-renda-setembro2020\/\">Indicador Ipea de Infla\u00e7\u00e3o por Faixa de Renda<\/a>, divulgado na \u00faltima quarta-feira (14), pelo Instituto de Pesquisa Econ\u00f4mica Aplicada.&nbsp;<\/p>\n\n\n\n<p>De acordo com o estudo, os mais pobres s\u00e3o aqueles cujas fam\u00edlias t\u00eam rendimentos domiciliares mensais menores do que R$ 1.650,00. J\u00e1 aqueles com maior poder aquisitivo, ganham mais de R$ 16.509,66. Os grandes vil\u00f5es da infla\u00e7\u00e3o dos mais pobres foram os alimentos e as bebidas, respons\u00e1veis por quase 75% da varia\u00e7\u00e3o dos pre\u00e7os.&nbsp;<\/p>\n\n\n\n<p><strong><a href=\"https:\/\/brasil61.com\/noticias\/brasileiros-com-renda-mais-baixa-consomem-mais-arroz-feijao-e-menos-produtos-industrializados-aponta-ibge-bras201453\">Brasileiros com renda mais baixa consomem mais arroz, feij\u00e3o e menos produtos industrializados, aponta IBGE<\/a><\/strong><\/p>\n\n\n\n<p>O \u00f3leo (28%), o arroz (18%) e o leite (6%) puxaram os valores para cima. No caso das fam\u00edlias com melhores condi\u00e7\u00f5es, a gasolina \u00e9 a maior respons\u00e1vel pela infla\u00e7\u00e3o, j\u00e1 que aumentou 2%. No entanto, a queda nos pre\u00e7os dos planos de sa\u00fade e das mensalidades de cursos, como os de idiomas e inform\u00e1tica, atenuaram o impacto.&nbsp;<\/p>\n\n\n\n<p>Segundo o indicador do Ipea, no acumulado do ano, a infla\u00e7\u00e3o para a popula\u00e7\u00e3o de renda mais baixa atingiu 2,5%, ante 0,2% para a parcela em melhores condi\u00e7\u00f5es.<\/p>\n\n\n\n<p>Fonte: <a href=\"https:\/\/brasil61.com\/noticias\/inflacao-dos-mais-pobres-e-maior-que-a-dos-mais-ricos-em-setembro-diz-ipea-bras202236?email=bethdeoliveira@yahoo.com.br&amp;utm_source=newsletter&amp;utm_medium=newsletter&amp;utm_campaign=newsletter\" target=\"_blank\" rel=\"noreferrer noopener\">Brasil 61<\/a><\/p>\n","protected":false},"excerpt":{"rendered":"<p>A infla\u00e7\u00e3o subiu 0,98% para a popula\u00e7\u00e3o mais pobre no m\u00eas de setembro, \u00edndice superior<\/p>\n","protected":false},"author":2,"featured_media":3110,"comment_status":"open","ping_status":"open","sticky":false,"template":"","format":"standard","meta":{"footnotes":""},"categories":[18],"tags":[],"class_list":["post-3109","post","type-post","status-publish","format-standard","has-post-thumbnail","hentry","category-economia"],"_links":{"self":[{"href":"https:\/\/tvc16.com\/portal\/wp-json\/wp\/v2\/posts\/3109","targetHints":{"allow":["GET"]}}],"collection":[{"href":"https:\/\/tvc16.com\/portal\/wp-json\/wp\/v2\/posts"}],"about":[{"href":"https:\/\/tvc16.com\/portal\/wp-json\/wp\/v2\/types\/post"}],"author":[{"embeddable":true,"href":"https:\/\/tvc16.com\/portal\/wp-json\/wp\/v2\/users\/2"}],"replies":[{"embeddable":true,"href":"https:\/\/tvc16.com\/portal\/wp-json\/wp\/v2\/comments?post=3109"}],"version-history":[{"count":1,"href":"https:\/\/tvc16.com\/portal\/wp-json\/wp\/v2\/posts\/3109\/revisions"}],"predecessor-version":[{"id":3111,"href":"https:\/\/tvc16.com\/portal\/wp-json\/wp\/v2\/posts\/3109\/revisions\/3111"}],"wp:featuredmedia":[{"embeddable":true,"href":"https:\/\/tvc16.com\/portal\/wp-json\/wp\/v2\/media\/3110"}],"wp:attachment":[{"href":"https:\/\/tvc16.com\/portal\/wp-json\/wp\/v2\/media?parent=3109"}],"wp:term":[{"taxonomy":"category","embeddable":true,"href":"https:\/\/tvc16.com\/portal\/wp-json\/wp\/v2\/categories?post=3109"},{"taxonomy":"post_tag","embeddable":true,"href":"https:\/\/tvc16.com\/portal\/wp-json\/wp\/v2\/tags?post=3109"}],"curies":[{"name":"wp","href":"https:\/\/api.w.org\/{rel}","templated":true}]}}