{"id":311,"date":"2020-09-11T00:59:54","date_gmt":"2020-09-11T00:59:54","guid":{"rendered":"https:\/\/tvc16.com\/portal\/?p=311"},"modified":"2020-09-11T00:59:54","modified_gmt":"2020-09-11T00:59:54","slug":"presidente-do-stf-mantem-decisao-do-stj-que-afastou-witzel-do-governo-do-rj","status":"publish","type":"post","link":"https:\/\/tvc16.com\/portal\/2020\/09\/11\/presidente-do-stf-mantem-decisao-do-stj-que-afastou-witzel-do-governo-do-rj\/","title":{"rendered":"Presidente do STF mant\u00e9m decis\u00e3o do STJ que afastou Witzel do governo do RJ"},"content":{"rendered":"\n<p>O ministro Dias Toffoli, presidente do Supremo Tribunal Federal (STF), negou pedido de Suspens\u00e3o de Liminar (SL 1376) ajuizado pela defesa do governador afastado do Rio de Janeiro, Wilson Witzel, contra a decis\u00e3o cautelar do Superior Tribunal de Justi\u00e7a (STJ) que determinou seu afastamento do cargo por 180 dias. Witzel, empres\u00e1rios e outros agentes p\u00fablicos s\u00e3o alvos da Opera\u00e7\u00e3o Tris in Idem, que apura irregularidades na contrata\u00e7\u00e3o de hospitais de campanha, compra de respiradores e medicamentos para o combate \u00e0 Covid-19.<br>Ao questionar a decis\u00e3o do ministro do STJ Benedito Gon\u00e7alves, que determinou o afastamento do governador por 180 dias, a defesa afirma que a decis\u00e3o cautelar teria sido imposta sem a indica\u00e7\u00e3o de elementos concretos, espec\u00edficos e contempor\u00e2neos que indicassem qualquer risco \u00e0 instru\u00e7\u00e3o processual, al\u00e9m de sustentar que foi suprimido, no caso, o direito ao contradit\u00f3rio.<br>Inicialmente, o ministro Dias Toffoli registrou, em sua decis\u00e3o, que considera poss\u00edvel o afastamento cautelar de chefes de Executivo, desde que a medida esteja fundada em elementos espec\u00edficos e concretos. \u201cA mera suposi\u00e7\u00e3o, fundada em simples conjecturas, n\u00e3o pode autorizar pris\u00f5es preventivas ou qualquer outra medida cautelar de natureza processual penal\u201d, explicou.<br>No caso concreto, no entanto, ele lembrou que a Corte Especial do STJ referendou a decis\u00e3o cautelar que afastou o governador do Rio. Assim, de acordo com Toffoli, essa decis\u00e3o colegiada substituiu a decis\u00e3o monocr\u00e1tica, acarretando a perda superveniente do interesse processual.<br>A defesa chegou a requerer a suspens\u00e3o da decis\u00e3o colegiada do STJ que confirmou a liminar. Mas, segundo o presidente do Supremo, a an\u00e1lise desse julgamento, no \u00e2mbito de Suspens\u00e3o de Liminar, transformaria o pedido no STF em substitutivo de recurso, o que n\u00e3o \u00e9 admitido juridicamente. \u201cN\u00e3o se inaugura a via excepcional, sob pena de converter as medidas de suspens\u00e3o em suced\u00e2neo recursal ou de permitir a usurpa\u00e7\u00e3o da compet\u00eancia do juiz natural\u201d, concluiu.<\/p>\n","protected":false},"excerpt":{"rendered":"<p>O ministro Dias Toffoli, presidente do Supremo Tribunal Federal (STF), negou pedido de Suspens\u00e3o de<\/p>\n","protected":false},"author":1,"featured_media":312,"comment_status":"open","ping_status":"open","sticky":false,"template":"","format":"standard","meta":{"footnotes":""},"categories":[15],"tags":[],"class_list":["post-311","post","type-post","status-publish","format-standard","has-post-thumbnail","hentry","category-politica"],"_links":{"self":[{"href":"https:\/\/tvc16.com\/portal\/wp-json\/wp\/v2\/posts\/311","targetHints":{"allow":["GET"]}}],"collection":[{"href":"https:\/\/tvc16.com\/portal\/wp-json\/wp\/v2\/posts"}],"about":[{"href":"https:\/\/tvc16.com\/portal\/wp-json\/wp\/v2\/types\/post"}],"author":[{"embeddable":true,"href":"https:\/\/tvc16.com\/portal\/wp-json\/wp\/v2\/users\/1"}],"replies":[{"embeddable":true,"href":"https:\/\/tvc16.com\/portal\/wp-json\/wp\/v2\/comments?post=311"}],"version-history":[{"count":1,"href":"https:\/\/tvc16.com\/portal\/wp-json\/wp\/v2\/posts\/311\/revisions"}],"predecessor-version":[{"id":313,"href":"https:\/\/tvc16.com\/portal\/wp-json\/wp\/v2\/posts\/311\/revisions\/313"}],"wp:featuredmedia":[{"embeddable":true,"href":"https:\/\/tvc16.com\/portal\/wp-json\/wp\/v2\/media\/312"}],"wp:attachment":[{"href":"https:\/\/tvc16.com\/portal\/wp-json\/wp\/v2\/media?parent=311"}],"wp:term":[{"taxonomy":"category","embeddable":true,"href":"https:\/\/tvc16.com\/portal\/wp-json\/wp\/v2\/categories?post=311"},{"taxonomy":"post_tag","embeddable":true,"href":"https:\/\/tvc16.com\/portal\/wp-json\/wp\/v2\/tags?post=311"}],"curies":[{"name":"wp","href":"https:\/\/api.w.org\/{rel}","templated":true}]}}