{"id":3115,"date":"2020-10-18T15:35:40","date_gmt":"2020-10-18T15:35:40","guid":{"rendered":"https:\/\/tvc16.com\/portal\/?p=3115"},"modified":"2020-10-18T15:35:40","modified_gmt":"2020-10-18T15:35:40","slug":"aulas-presenciais-retornam-em-18-municipios-do-estado-do-rio","status":"publish","type":"post","link":"https:\/\/tvc16.com\/portal\/2020\/10\/18\/aulas-presenciais-retornam-em-18-municipios-do-estado-do-rio\/","title":{"rendered":"Aulas presenciais retornam em 18 munic\u00edpios do estado do Rio"},"content":{"rendered":"\n<h2 class=\"wp-block-heading\"><\/h2>\n\n\n\n<h3 class=\"wp-block-heading\">Rein\u00edcio ser\u00e1 amanh\u00e3 e inclui a capital, Niter\u00f3i e Duque de Caxias<\/h3>\n\n\n\n<h4 class=\"wp-block-heading\"><\/h4>\n\n\n\n<p>As aulas presenciais para as turmas da 3\u00aa s\u00e9rie do Ensino M\u00e9dio, nas modalidades regular, t\u00e9cnico e de Educa\u00e7\u00e3o de Jovens e Adultos (EJA &#8211; Fase IV) ser\u00e3o retomadas amanh\u00e3 (19), em 18 munic\u00edpios, incluindo a capital, Niter\u00f3i e Duque de Caxias, segundo o governo estadual do Rio&nbsp;de Janeiro.<img decoding=\"async\" src=\"https:\/\/agenciabrasil.ebc.com.br\/ebc.png?id=1390952&amp;o=node\"><img decoding=\"async\" src=\"https:\/\/agenciabrasil.ebc.com.br\/ebc.gif?id=1390952&amp;o=node\"><\/p>\n\n\n\n<p>No restante do estado, as atividades pedag\u00f3gicas ser\u00e3o exclusivamente remotas, por decis\u00e3o das prefeituras ou por causa&nbsp;da classifica\u00e7\u00e3o laranja de cont\u00e1gio (risco moderado), como \u00e9 o caso da regi\u00e3o centro-sul fluminense. Mesmo sem aulas presenciais, todas as escolas da rede ficar\u00e3o abertas para que os estudantes retirem o material did\u00e1tico, al\u00e9m do&nbsp;<em>kit<\/em>&nbsp;alimenta\u00e7\u00e3o, informou&nbsp;o governo do estado.<\/p>\n\n\n\n<p>O retorno deve acontecer em 420 escolas estaduais. Juntas, essas unidades somam 63 mil alunos que poder\u00e3o optar por voltar \u00e0s aulas presenciais na segunda-feira. Os munic\u00edpios que aderiram \u00e0 flexibiliza\u00e7\u00e3o s\u00e3o&nbsp;Carapebus,&nbsp;Casimiro de Abreu,&nbsp;Duque de Caxias,&nbsp;Italva,&nbsp;Itatiaia,&nbsp;Maca\u00e9,&nbsp;Macuco;,Mesquita,&nbsp;Miracema,&nbsp;Natividade,&nbsp;Nil\u00f3polis,&nbsp;Niter\u00f3i,&nbsp;Pira\u00ed,&nbsp;Rio&nbsp;de Janeiro,&nbsp;S\u00e3o Francisco de Itabapoana,&nbsp;S\u00e3o Pedro da Aldeia, Serop\u00e9dica e Trajano de Morais.<\/p>\n\n\n\n<p>Entretanto, nos munic\u00edpios que v\u00e3o retornar, 27 escolas n\u00e3o iniciar\u00e3o suas aulas presenciais com as demais, pois suas equipes de dire\u00e7\u00e3o declararam fazer parte do grupo de risco da covid-19. O Executivo estadual informou que, ao longo da semana, a Secretaria de Educa\u00e7\u00e3o providenciar\u00e1 uma solu\u00e7\u00e3o administrativa para a retomada das atividades.&nbsp;<\/p>\n\n\n\n<p>Todos os estudantes de escolas p\u00fablicas da rede estadual de educa\u00e7\u00e3o do Rio&nbsp;de Janeiro&nbsp;<a href=\"https:\/\/agenciabrasil.ebc.com.br\/educacao\/noticia\/2020-10\/rede-publica-estadual-do-rio-aprovara-todos-os-alunos-este-ano\" target=\"_blank\" rel=\"noreferrer noopener\">ser\u00e3o aprovados<\/a>&nbsp;em 2020. A decis\u00e3o foi publicada no \u00faltimo dia 14 pela Secretaria Estadual&nbsp;de Educa\u00e7\u00e3o no&nbsp;<em>Di\u00e1rio Oficial<\/em>. Pela resolu\u00e7\u00e3o, independentemente do resultado obtido pelos estudantes, excepcionalmente este ano, n\u00e3o haver\u00e1 reprova\u00e7\u00f5es.&nbsp;<\/p>\n\n\n\n<p>Confiram os nomes das unidades escolares que n\u00e3o voltar\u00e3o no dia 19\/10:&nbsp;&nbsp;<\/p>\n\n\n\n<p><br><strong>Rio&nbsp;de Janeiro<\/strong><\/p>\n\n\n\n<p>CE Agostinho Neto&nbsp;&nbsp;&nbsp;&nbsp;&nbsp;&nbsp;<\/p>\n\n\n\n<p>CE Bangu&nbsp;&nbsp;&nbsp;&nbsp;&nbsp;&nbsp;&nbsp;&nbsp;&nbsp;<\/p>\n\n\n\n<p>CE Bar\u00e3o de Santa Margarida&nbsp;&nbsp;&nbsp;&nbsp;&nbsp;&nbsp;&nbsp;&nbsp;&nbsp;&nbsp;&nbsp;<\/p>\n\n\n\n<p>CE Bar\u00e3o Do Rio Branco&nbsp;&nbsp;&nbsp;&nbsp;&nbsp;&nbsp;&nbsp;&nbsp;&nbsp;<\/p>\n\n\n\n<p>CE Deborah Mendes De Moraes&nbsp;&nbsp;&nbsp;&nbsp;&nbsp;&nbsp;&nbsp;&nbsp;<\/p>\n\n\n\n<p>CE Engenheiro Jo\u00e3o Thom\u00e9&nbsp;&nbsp;&nbsp;&nbsp;<\/p>\n\n\n\n<p>CE Francisco Caldeira de Alvarenga&nbsp;&nbsp;<\/p>\n\n\n\n<p>CE George Washington&nbsp;&nbsp;&nbsp;&nbsp;&nbsp;&nbsp;&nbsp;&nbsp;&nbsp;&nbsp;&nbsp;<\/p>\n\n\n\n<p>CE Professor Ney Cidade Palmeiro&nbsp;<\/p>\n\n\n\n<p>CE Professora Jeannette De Souza Coelho Mannarino&nbsp;<\/p>\n\n\n\n<p>CE Professora Vilma Atanazio&nbsp;&nbsp;&nbsp;&nbsp;&nbsp;&nbsp;&nbsp;&nbsp;&nbsp;&nbsp;&nbsp;&nbsp;<\/p>\n\n\n\n<p>CE Stuart Edgar Angel Jones&nbsp;&nbsp;&nbsp;<\/p>\n\n\n\n<p>CE J\u00falia Kubitschek&nbsp;&nbsp;&nbsp;&nbsp;&nbsp;&nbsp;<\/p>\n\n\n\n<p>CIEP 205 Frei Agostinho Fincias&nbsp;<\/p>\n\n\n\n<p>CE Chiquinha Gonzaga&nbsp;&nbsp;&nbsp;&nbsp;&nbsp;&nbsp;&nbsp;&nbsp;&nbsp;&nbsp;&nbsp;&nbsp;<\/p>\n\n\n\n<p>CE Jo\u00e3o Alfredo&nbsp;<\/p>\n\n\n\n<p>CE Souza Aguiar&nbsp;&nbsp;&nbsp;&nbsp;&nbsp;&nbsp;&nbsp;&nbsp;&nbsp;&nbsp;<\/p>\n\n\n\n<p>CE Andr\u00e9 Maurois&nbsp;&nbsp;&nbsp;&nbsp;&nbsp;&nbsp;&nbsp;<\/p>\n\n\n\n<p>CE Professor Antonio Maria Teixeira Filho&nbsp;<\/p>\n\n\n\n<p><strong>Niter\u00f3i<\/strong>&nbsp;<\/p>\n\n\n\n<p>Liceu Nilo Pe\u00e7anha&nbsp;&nbsp;&nbsp;&nbsp;&nbsp;&nbsp;<\/p>\n\n\n\n<p><strong>Duque de Caxias<\/strong>&nbsp;<\/p>\n\n\n\n<p>CE Doutor Ign\u00e1cio Bezerra de Menezes&nbsp;<\/p>\n\n\n\n<p><strong>Mesquita<\/strong>&nbsp;&nbsp;&nbsp;&nbsp;&nbsp;&nbsp;&nbsp;&nbsp;&nbsp;<\/p>\n\n\n\n<p>CE Ana Neri&nbsp;<\/p>\n\n\n\n<p><strong>Trajano de Moraes&nbsp;<\/strong><\/p>\n\n\n\n<p>CE Jo\u00e3o de Moraes Martins&nbsp;&nbsp;&nbsp;<\/p>\n\n\n\n<p>CIEP 279 Professora Guiomar Gon\u00e7alves Neves&nbsp;<\/p>\n\n\n\n<p><strong>Casimiro de Abreu<\/strong>&nbsp;<\/p>\n\n\n\n<p>CE Santa Maria&nbsp;&nbsp;&nbsp;&nbsp;&nbsp;&nbsp;&nbsp;&nbsp;&nbsp;&nbsp;&nbsp;<\/p>\n\n\n\n<p>CE Indaia\u00e7u&nbsp;&nbsp;&nbsp;&nbsp;&nbsp;&nbsp;<\/p>\n\n\n\n<p>CE Rio Dourado<\/p>\n\n\n\n<p>Por Ana Cristina Campos \u2013 Rep\u00f3rter da Ag\u00eancia Brasil &#8211; Rio de Janeiro<\/p>\n\n\n\n<p>Edi\u00e7\u00e3o: Gra\u00e7a Adjuto<\/p>\n","protected":false},"excerpt":{"rendered":"<p>Rein\u00edcio ser\u00e1 amanh\u00e3 e inclui a capital, Niter\u00f3i e Duque de Caxias As aulas presenciais<\/p>\n","protected":false},"author":2,"featured_media":3116,"comment_status":"open","ping_status":"open","sticky":false,"template":"","format":"standard","meta":{"footnotes":""},"categories":[19],"tags":[],"class_list":["post-3115","post","type-post","status-publish","format-standard","has-post-thumbnail","hentry","category-educacao"],"_links":{"self":[{"href":"https:\/\/tvc16.com\/portal\/wp-json\/wp\/v2\/posts\/3115","targetHints":{"allow":["GET"]}}],"collection":[{"href":"https:\/\/tvc16.com\/portal\/wp-json\/wp\/v2\/posts"}],"about":[{"href":"https:\/\/tvc16.com\/portal\/wp-json\/wp\/v2\/types\/post"}],"author":[{"embeddable":true,"href":"https:\/\/tvc16.com\/portal\/wp-json\/wp\/v2\/users\/2"}],"replies":[{"embeddable":true,"href":"https:\/\/tvc16.com\/portal\/wp-json\/wp\/v2\/comments?post=3115"}],"version-history":[{"count":1,"href":"https:\/\/tvc16.com\/portal\/wp-json\/wp\/v2\/posts\/3115\/revisions"}],"predecessor-version":[{"id":3117,"href":"https:\/\/tvc16.com\/portal\/wp-json\/wp\/v2\/posts\/3115\/revisions\/3117"}],"wp:featuredmedia":[{"embeddable":true,"href":"https:\/\/tvc16.com\/portal\/wp-json\/wp\/v2\/media\/3116"}],"wp:attachment":[{"href":"https:\/\/tvc16.com\/portal\/wp-json\/wp\/v2\/media?parent=3115"}],"wp:term":[{"taxonomy":"category","embeddable":true,"href":"https:\/\/tvc16.com\/portal\/wp-json\/wp\/v2\/categories?post=3115"},{"taxonomy":"post_tag","embeddable":true,"href":"https:\/\/tvc16.com\/portal\/wp-json\/wp\/v2\/tags?post=3115"}],"curies":[{"name":"wp","href":"https:\/\/api.w.org\/{rel}","templated":true}]}}