{"id":3125,"date":"2020-10-18T15:46:00","date_gmt":"2020-10-18T15:46:00","guid":{"rendered":"https:\/\/tvc16.com\/portal\/?p=3125"},"modified":"2020-10-18T15:46:00","modified_gmt":"2020-10-18T15:46:00","slug":"encontro-das-nacoes-corinthians-e-flamengo-se-enfrentam-no-itaquerao","status":"publish","type":"post","link":"https:\/\/tvc16.com\/portal\/2020\/10\/18\/encontro-das-nacoes-corinthians-e-flamengo-se-enfrentam-no-itaquerao\/","title":{"rendered":"Encontro das na\u00e7\u00f5es: Corinthians e Flamengo se enfrentam no Itaquer\u00e3o"},"content":{"rendered":"\n<h3 class=\"wp-block-heading\">Duelo com maiores torcidas do pa\u00eds ser\u00e1 sem p\u00fablico devido \u00e0 pandemia<\/h3>\n\n\n\n<h4 class=\"wp-block-heading\">Por Rodrigo Ricardo &#8211; Rep\u00f3rter da R\u00e1dio Nacional &#8211; Rio de Janeiro<\/h4>\n\n\n\n<p>Corinthians e Flamengo v\u00e3o medir for\u00e7as neste domingo (18), na Arena Neo Qu\u00edmica, em S\u00e3o Paulo (SP), \u00e0s 16h (hor\u00e1rio de Bras\u00edlia), em partida v\u00e1lida pela 17\u00aa rodada da S\u00e9rie A do Campeonato Brasileiro. Os paulistas venceram, na \u00faltima quarta-feira (14), o Athletico-PR, na estreia do t\u00e9cnico Vagner Mancini \u00e0 frente do Furac\u00e3o.&nbsp;Apesar do triunfo por 1 a 0, o Tim\u00e3o ocupa o&nbsp;14\u00ba lugar na tabela, com 18 pontos. Do outro lado do campo estar\u00e1 o time carioca, que empatou&nbsp;em casa com o Red Bull Bragantino,&nbsp;em&nbsp;1 a 1,&nbsp;na \u00faltima&nbsp;quinta&nbsp;(14),&nbsp;deixando escapar a lideran\u00e7a.<img decoding=\"async\" src=\"https:\/\/agenciabrasil.ebc.com.br\/ebc.png?id=1390941&amp;o=node\"><img decoding=\"async\" src=\"https:\/\/agenciabrasil.ebc.com.br\/ebc.gif?id=1390941&amp;o=node\"><\/p>\n\n\n\n<p>A&nbsp;<a href=\"https:\/\/radios.ebc.com.br\/nacionalbrasiliaam\"><strong>R\u00e1dio Nacional&nbsp;<\/strong><\/a>transmite ao vivo&nbsp;o jogo Corinthians e Flamengo, com narra\u00e7\u00e3o de Andr\u00e9 Marques, coment\u00e1rios de Waldir Luiz, reportagem&nbsp;de Rodrigo Campos e&nbsp;plant\u00e3o de Luiz Ferreira. O Show de Bola Nacional come\u00e7a \u00e0s 15h30 (hor\u00e1rio de Bras\u00edlia) e tamb\u00e9m pode ser acompanhado abaixo:https:\/\/aovivo.ebc.com.br\/embed-audio.html?emissora=radio-nacional-de-brasilia<\/p>\n\n\n\n<p>O Encontro das Na\u00e7\u00f5es, cl\u00e1ssico interestadual que se notabilizou exatamente por reunir as maiores torcidas de futebol do pa\u00eds, excepcionalmente neste domingo (18) n\u00e3o contar\u00e1 com a energia do p\u00fablico. Em raz\u00e3o da pandemia do novo coronav\u00edrus (covid-19), a partida ocorrer\u00e1 sem presen\u00e7a de torcedores. O cl\u00e1ssico apresenta um equil\u00edbrio hist\u00f3rico: at\u00e9 hoje foram&nbsp;30 empates,&nbsp;56 vit\u00f3rias rubro-negras e&nbsp;53 alvinegras.&nbsp;<\/p>\n\n\n\n<p>A equipe do Parque S\u00e3o Jorge n\u00e3o vai contar com o atacante J\u00f4, lesionado na panturrilha direita. No lugar do artilheiro vai entrar Mauro Boselli. Ser\u00e1 a primeira vez do argentino como titular no Brasileir\u00e3o. Mesmo assim, o camisa 17 do Tim\u00e3o j\u00e1 marcou seis gols nesta temporada. Mancini tamb\u00e9m ter\u00e1\u00a0a volta do venezuelano Otero e do colombiano Cantillo, ap\u00f3s servirem \u00e0s respectivas sele\u00e7\u00f5es de seus pa\u00edses nas Eliminat\u00f3rias Sul-Americanas da Copa do Mundo do Catar 2022. No gol, C\u00e1ssio est\u00e1 \u00e0 disposi\u00e7\u00e3o, ap\u00f3s cumprir suspens\u00e3o pelo terceiro cart\u00e3o amarelo, mas ter\u00e1 de disputar a posi\u00e7\u00e3o com Walter.<\/p>\n\n\n\n<p>O Flamengo do t\u00e9cnico catal\u00e3o\u00a0Dom\u00e8nec Torrent tamb\u00e9m tem baixas importantes: o meia uruguaio\u00a0Arrascaeta e o zagueiro Rodrigo Caio seguem fora. \u00c9verton Ribeiro tamb\u00e9m \u00e9 d\u00favida. Ele foi relacionado para a partida, por\u00e9m, com dores no joelho, deve come\u00e7ar a partida no banco. Quem refor\u00e7a o Rubro-Negro \u00e9 o lateral-esquerdo Filipe Lu\u00eds, que cumpriu suspens\u00e3o no \u00faltimo jogo. G\u00e9rson e Bruno Henrique tamb\u00e9m devem come\u00e7ar entre os titulares.<\/p>\n\n\n\n<p>Edi\u00e7\u00e3o: Cl\u00e1udia Soaers Rodrigues<\/p>\n","protected":false},"excerpt":{"rendered":"<p>Duelo com maiores torcidas do pa\u00eds ser\u00e1 sem p\u00fablico devido \u00e0 pandemia Por Rodrigo Ricardo<\/p>\n","protected":false},"author":2,"featured_media":3126,"comment_status":"open","ping_status":"open","sticky":false,"template":"","format":"standard","meta":{"footnotes":""},"categories":[20],"tags":[],"class_list":["post-3125","post","type-post","status-publish","format-standard","has-post-thumbnail","hentry","category-esporte"],"_links":{"self":[{"href":"https:\/\/tvc16.com\/portal\/wp-json\/wp\/v2\/posts\/3125","targetHints":{"allow":["GET"]}}],"collection":[{"href":"https:\/\/tvc16.com\/portal\/wp-json\/wp\/v2\/posts"}],"about":[{"href":"https:\/\/tvc16.com\/portal\/wp-json\/wp\/v2\/types\/post"}],"author":[{"embeddable":true,"href":"https:\/\/tvc16.com\/portal\/wp-json\/wp\/v2\/users\/2"}],"replies":[{"embeddable":true,"href":"https:\/\/tvc16.com\/portal\/wp-json\/wp\/v2\/comments?post=3125"}],"version-history":[{"count":1,"href":"https:\/\/tvc16.com\/portal\/wp-json\/wp\/v2\/posts\/3125\/revisions"}],"predecessor-version":[{"id":3127,"href":"https:\/\/tvc16.com\/portal\/wp-json\/wp\/v2\/posts\/3125\/revisions\/3127"}],"wp:featuredmedia":[{"embeddable":true,"href":"https:\/\/tvc16.com\/portal\/wp-json\/wp\/v2\/media\/3126"}],"wp:attachment":[{"href":"https:\/\/tvc16.com\/portal\/wp-json\/wp\/v2\/media?parent=3125"}],"wp:term":[{"taxonomy":"category","embeddable":true,"href":"https:\/\/tvc16.com\/portal\/wp-json\/wp\/v2\/categories?post=3125"},{"taxonomy":"post_tag","embeddable":true,"href":"https:\/\/tvc16.com\/portal\/wp-json\/wp\/v2\/tags?post=3125"}],"curies":[{"name":"wp","href":"https:\/\/api.w.org\/{rel}","templated":true}]}}