{"id":3128,"date":"2020-10-18T15:47:57","date_gmt":"2020-10-18T15:47:57","guid":{"rendered":"https:\/\/tvc16.com\/portal\/?p=3128"},"modified":"2020-10-18T15:47:57","modified_gmt":"2020-10-18T15:47:57","slug":"senado-tem-semana-de-esforco-concentrado-para-sabatinas","status":"publish","type":"post","link":"https:\/\/tvc16.com\/portal\/2020\/10\/18\/senado-tem-semana-de-esforco-concentrado-para-sabatinas\/","title":{"rendered":"Senado tem semana de esfor\u00e7o concentrado para sabatinas"},"content":{"rendered":"\n<h4 class=\"wp-block-heading\">Por Helo\u00edsa Cristaldo &#8211; Rep\u00f3rter da Ag\u00eancia Brasil &#8211; Bras\u00edlia<\/h4>\n\n\n\n<p>&nbsp;O Senado retoma as atividades legislativas com a semana de esfor\u00e7o concentrado para a sabatina de autoridades, ap\u00f3s duas semanas do chamado \u201crecesso branco\u201d, a interrup\u00e7\u00e3o extraoficial dos trabalhos legislativas em fun\u00e7\u00e3o do per\u00edodo de campanha eleitoral. Entre as an\u00e1lises, est\u00e1 a indica\u00e7\u00e3o do desembargador Kassio Nunes Marques para o Supremo Tribunal Federal (STF), na pr\u00f3xima&nbsp;quarta-feira (21).<img decoding=\"async\" src=\"https:\/\/agenciabrasil.ebc.com.br\/ebc.png?id=1390956&amp;o=node\"><img decoding=\"async\" src=\"https:\/\/agenciabrasil.ebc.com.br\/ebc.gif?id=1390956&amp;o=node\"><\/p>\n\n\n\n<p>Nesta&nbsp;segunda&nbsp;(19), a Comiss\u00e3o de Assuntos Sociais do Senado&nbsp;far\u00e1 uma reuni\u00e3o semipresencial, a partir das 15h, para analisar quatro indica\u00e7\u00f5es \u00e0 diretoria da Ag\u00eancia Nacional de Vigil\u00e2ncia Sanit\u00e1ria (Anvisa). Um dos indicados \u00e9 o atual diretor-presidente substituto da ag\u00eancia, Ant\u00f4nio Barra Torres, que pode se tornar efetivo caso seja aprovado pelo Senado.<\/p>\n\n\n\n<p>Na&nbsp;ter\u00e7a-feira (20), a Comiss\u00e3o de Assuntos Econ\u00f4micos vai sabatinar os indicados para os cargos de ministro do Tribunal de Contas da Uni\u00e3o (TCU) e diretor da Comiss\u00e3o de Valores Mobili\u00e1rios (CVM). A reuni\u00e3o semipresencial est\u00e1 marcada para come\u00e7ar \u00e0s 9h.&nbsp;<\/p>\n\n\n\n<p>Para vaga do TCU, o indicado do presidente Jair Bolsonaro \u00e9 o secret\u00e1rio-geral da Presid\u00eancia da Rep\u00fablica, ministro&nbsp;<a href=\"https:\/\/agenciabrasil.ebc.com.br\/politica\/noticia\/2020-10\/bolsonaro-oficializa-indicacao-de-jorge-oliveira-para-o-tcu\" target=\"_blank\" rel=\"noreferrer noopener\">Jorge Oliveira<\/a>. Ele dever\u00e1 substituir o atual presidente do tribunal, Jos\u00e9 M\u00facio Monteiro, que vai se aposentar, mas ainda ficar\u00e1 na fun\u00e7\u00e3o at\u00e9 o dia&nbsp;31 de dezembro, quando completar\u00e1 o mandato \u00e0 frente do \u00f3rg\u00e3o.&nbsp;<\/p>\n\n\n\n<p>Para o cargo de diretor da CVM, o indicado \u00e9 o advogado Alexandre Costa Rangel, que atua nas \u00e1reas de fundos de investimento e direito societ\u00e1rio.<\/p>\n\n\n\n<p>A an\u00e1lise do indicado para substituir o ministro Celso de Mello, no STF, o desembargador Kassio Nunes Marques, ocorrer\u00e1 na Comiss\u00e3o de Constitui\u00e7\u00e3o e Justi\u00e7a&nbsp;na&nbsp;quarta-feira (21), a partir das 8h. O relator da indica\u00e7\u00e3o, senador Eduardo Braga (MDB-AM), j\u00e1 apresentou<a href=\"https:\/\/agenciabrasil.ebc.com.br\/politica\/noticia\/2020-10\/braga-entrega-relatorio-sobre-indicacao-de-kassio-nunes-para-stf\" target=\"_blank\" rel=\"noreferrer noopener\">&nbsp;parecer&nbsp;favor\u00e1vel<\/a>&nbsp;\u00e0 nomea\u00e7\u00e3o do magistrado.<\/p>\n\n\n\n<p>Juiz do Tribunal Regional Federal da 1\u00aa Regi\u00e3o (TRF1), Nunes foi indicado pelo presidente Jair Bolsonaro para o cargo de Celso de Mello, decano do STF, que se aposentou em&nbsp;13 de outubro.&nbsp;<\/p>\n\n\n\n<h2 class=\"wp-block-heading\">Procedimento<\/h2>\n\n\n\n<p>Os senadores v\u00e3o sabatinar os nomeados e depois votar&nbsp;os pareceres de cada uma dessas indica\u00e7\u00f5es presidenciais de forma secreta, no plen\u00e1rio. Essas vota\u00e7\u00f5es ser\u00e3o realizadas nos dias 20 e 21, e o hor\u00e1rio ser\u00e1 definido ap\u00f3s as sabatinas.&nbsp;<\/p>\n\n\n\n<p>A vota\u00e7\u00e3o secreta&nbsp;ter\u00e1 terminais&nbsp;(totens) fora do plen\u00e1rio, inclusive na garagem, o que possibilitar\u00e1 aos senadores a vota\u00e7\u00e3o por meio do sistema&nbsp;<em>drive-thru<\/em>. Para a indica\u00e7\u00e3o ser confirmada, s\u00e3o necess\u00e1rios, pelo menos, 41 dos votos dos 81 senadores.<\/p>\n\n\n\n<p>Edi\u00e7\u00e3o: Gra\u00e7a Adjuto<\/p>\n","protected":false},"excerpt":{"rendered":"<p>Por Helo\u00edsa Cristaldo &#8211; Rep\u00f3rter da Ag\u00eancia Brasil &#8211; Bras\u00edlia &nbsp;O Senado retoma as atividades<\/p>\n","protected":false},"author":2,"featured_media":3129,"comment_status":"open","ping_status":"open","sticky":false,"template":"","format":"standard","meta":{"footnotes":""},"categories":[15],"tags":[],"class_list":["post-3128","post","type-post","status-publish","format-standard","has-post-thumbnail","hentry","category-politica"],"_links":{"self":[{"href":"https:\/\/tvc16.com\/portal\/wp-json\/wp\/v2\/posts\/3128","targetHints":{"allow":["GET"]}}],"collection":[{"href":"https:\/\/tvc16.com\/portal\/wp-json\/wp\/v2\/posts"}],"about":[{"href":"https:\/\/tvc16.com\/portal\/wp-json\/wp\/v2\/types\/post"}],"author":[{"embeddable":true,"href":"https:\/\/tvc16.com\/portal\/wp-json\/wp\/v2\/users\/2"}],"replies":[{"embeddable":true,"href":"https:\/\/tvc16.com\/portal\/wp-json\/wp\/v2\/comments?post=3128"}],"version-history":[{"count":1,"href":"https:\/\/tvc16.com\/portal\/wp-json\/wp\/v2\/posts\/3128\/revisions"}],"predecessor-version":[{"id":3130,"href":"https:\/\/tvc16.com\/portal\/wp-json\/wp\/v2\/posts\/3128\/revisions\/3130"}],"wp:featuredmedia":[{"embeddable":true,"href":"https:\/\/tvc16.com\/portal\/wp-json\/wp\/v2\/media\/3129"}],"wp:attachment":[{"href":"https:\/\/tvc16.com\/portal\/wp-json\/wp\/v2\/media?parent=3128"}],"wp:term":[{"taxonomy":"category","embeddable":true,"href":"https:\/\/tvc16.com\/portal\/wp-json\/wp\/v2\/categories?post=3128"},{"taxonomy":"post_tag","embeddable":true,"href":"https:\/\/tvc16.com\/portal\/wp-json\/wp\/v2\/tags?post=3128"}],"curies":[{"name":"wp","href":"https:\/\/api.w.org\/{rel}","templated":true}]}}