{"id":3131,"date":"2020-10-18T15:50:06","date_gmt":"2020-10-18T15:50:06","guid":{"rendered":"https:\/\/tvc16.com\/portal\/?p=3131"},"modified":"2020-10-18T15:50:06","modified_gmt":"2020-10-18T15:50:06","slug":"japao-ve-dificuldades-para-descartar-residuos-de-agua-radioativa","status":"publish","type":"post","link":"https:\/\/tvc16.com\/portal\/2020\/10\/18\/japao-ve-dificuldades-para-descartar-residuos-de-agua-radioativa\/","title":{"rendered":"Jap\u00e3o v\u00ea dificuldades para descartar res\u00edduos de \u00e1gua radioativa"},"content":{"rendered":"\n<h3 class=\"wp-block-heading\">Alternativas foram apresentadas para descartar \u00e1gua de Fukushima<\/h3>\n\n\n\n<h4 class=\"wp-block-heading\">Por NHK &#8211; T\u00f3quio<\/h4>\n\n\n\n<figure class=\"wp-block-image\"><a href=\"https:\/\/www3.nhk.or.jp\/nhkworld\/pt\/news\/\" target=\"_blank\" rel=\"noreferrer noopener\"><img decoding=\"async\" src=\"https:\/\/agenciabrasil.ebc.com.br\/sites\/default\/files\/styles\/269x0\/public\/logo_parceiros\/nhk.jpg?itok=K23XXfuR\" alt=\"NHK\"\/><\/a><\/figure>\n\n\n\n<p>O Minist\u00e9rio da Economia, Com\u00e9rcio e Ind\u00fastria do Jap\u00e3o declarou que h\u00e1 dificuldades t\u00e9cnicas em tr\u00eas op\u00e7\u00f5es propostas para descartar res\u00edduos de \u00e1gua radioativa tratada e armazenada na usina de energia nuclear danificada&nbsp;Fukushima 1, localizada no Nordeste do pa\u00eds.<img decoding=\"async\" src=\"https:\/\/agenciabrasil.ebc.com.br\/ebc.png?id=1390953&amp;o=node\"><img decoding=\"async\" src=\"https:\/\/agenciabrasil.ebc.com.br\/ebc.gif?id=1390953&amp;o=node\"><\/p>\n\n\n\n<p>Os res\u00edduos cont\u00eam \u00e1gua que havia sido usada para resfriar o combust\u00edvel nuclear derretido ap\u00f3s fus\u00f5es de reator em mar\u00e7o de 2011, assim como cont\u00e9m \u00e1gua de chuva que escorreu para o solo sob os reatores. Posteriormente, a \u00e1gua passa por tratamento para remover a maior parte das subst\u00e2ncias radioativas, mas alguns elementos, como o tr\u00edtio, permanecem. O volume de \u00e1gua armazenada vem aumentando.<\/p>\n\n\n\n<p>O minist\u00e9rio realizou audi\u00eancias com moradores locais e organiza\u00e7\u00f5es, para ouvir&nbsp;opini\u00f5es do p\u00fablico durante os \u00faltimos meses.<\/p>\n\n\n\n<p>As tr\u00eas propostas sugeridas incluem a solidifica\u00e7\u00e3o da \u00e1gua tratada por meio&nbsp;de uma mistura com argamassa. Contudo, autoridades do minist\u00e9rio afirmam que isso aumentaria o volume total, o que tornaria dif\u00edcil conseguir um local para armazenamento.<\/p>\n\n\n\n<p>Outra op\u00e7\u00e3o \u00e9 o uso de embarca\u00e7\u00f5es para transportar a \u00e1gua para ilhas remotas. Entretanto, segundo as autoridades, levaria tempo para preparar instala\u00e7\u00f5es grandes o suficiente para essa&nbsp;alternativa.<\/p>\n\n\n\n<p>A terceira ideia \u00e9 usar reservat\u00f3rios ou canais de drenagem para transferir a \u00e1gua para armazenamento e descarte. Contudo, as autoridades dizem&nbsp;que h\u00e1 problemas de regulamenta\u00e7\u00e3o para essa op\u00e7\u00e3o.<\/p>\n\n\n\n<p>O minist\u00e9rio tamb\u00e9m declarou que uma op\u00e7\u00e3o realista seria o descarte da \u00e1gua no mar, ap\u00f3s passar por dilui\u00e7\u00e3o at\u00e9 um n\u00edvel que cumpra requisitos ambientais e outras normas. Essa \u00e9 a mesma avalia\u00e7\u00e3o feita&nbsp;por um subcomit\u00ea governamental em fevereiro.<\/p>\n\n\n\n<p>Na \u00faltima semana, o Minist\u00e9rio da Economia japon\u00eas informou as autoridades locais sobre como planeja&nbsp;combater rumores prejudiciais caso a \u00e1gua seja lan\u00e7ada ao mar. A expectativa \u00e9 de que o \u00f3rg\u00e3o prepare alternativas&nbsp;para a possibilidade de descarte da \u00e1gua residual no mar.<\/p>\n","protected":false},"excerpt":{"rendered":"<p>Alternativas foram apresentadas para descartar \u00e1gua de Fukushima Por NHK &#8211; T\u00f3quio O Minist\u00e9rio da<\/p>\n","protected":false},"author":2,"featured_media":3132,"comment_status":"open","ping_status":"open","sticky":false,"template":"","format":"standard","meta":{"footnotes":""},"categories":[22],"tags":[],"class_list":["post-3131","post","type-post","status-publish","format-standard","has-post-thumbnail","hentry","category-internacional"],"_links":{"self":[{"href":"https:\/\/tvc16.com\/portal\/wp-json\/wp\/v2\/posts\/3131","targetHints":{"allow":["GET"]}}],"collection":[{"href":"https:\/\/tvc16.com\/portal\/wp-json\/wp\/v2\/posts"}],"about":[{"href":"https:\/\/tvc16.com\/portal\/wp-json\/wp\/v2\/types\/post"}],"author":[{"embeddable":true,"href":"https:\/\/tvc16.com\/portal\/wp-json\/wp\/v2\/users\/2"}],"replies":[{"embeddable":true,"href":"https:\/\/tvc16.com\/portal\/wp-json\/wp\/v2\/comments?post=3131"}],"version-history":[{"count":1,"href":"https:\/\/tvc16.com\/portal\/wp-json\/wp\/v2\/posts\/3131\/revisions"}],"predecessor-version":[{"id":3133,"href":"https:\/\/tvc16.com\/portal\/wp-json\/wp\/v2\/posts\/3131\/revisions\/3133"}],"wp:featuredmedia":[{"embeddable":true,"href":"https:\/\/tvc16.com\/portal\/wp-json\/wp\/v2\/media\/3132"}],"wp:attachment":[{"href":"https:\/\/tvc16.com\/portal\/wp-json\/wp\/v2\/media?parent=3131"}],"wp:term":[{"taxonomy":"category","embeddable":true,"href":"https:\/\/tvc16.com\/portal\/wp-json\/wp\/v2\/categories?post=3131"},{"taxonomy":"post_tag","embeddable":true,"href":"https:\/\/tvc16.com\/portal\/wp-json\/wp\/v2\/tags?post=3131"}],"curies":[{"name":"wp","href":"https:\/\/api.w.org\/{rel}","templated":true}]}}