{"id":3134,"date":"2020-10-18T15:54:40","date_gmt":"2020-10-18T15:54:40","guid":{"rendered":"https:\/\/tvc16.com\/portal\/?p=3134"},"modified":"2020-10-18T15:54:40","modified_gmt":"2020-10-18T15:54:40","slug":"exposicao-da-fotografa-chilena-paz-errazuriz-pode-ser-vista-em-sp","status":"publish","type":"post","link":"https:\/\/tvc16.com\/portal\/2020\/10\/18\/exposicao-da-fotografa-chilena-paz-errazuriz-pode-ser-vista-em-sp\/","title":{"rendered":"Exposi\u00e7\u00e3o da fot\u00f3grafa chilena Paz Err\u00e1zuriz pode ser vista em SP"},"content":{"rendered":"\n<h3 class=\"wp-block-heading\">Mostra com 150 imagens est\u00e1 em exibi\u00e7\u00e3o no Instituto Moreira Salles<\/h3>\n\n\n\n<h4 class=\"wp-block-heading\">Por Daniel Mello &#8211; Rep\u00f3rter da Ag\u00eancia Brasil &#8211; S\u00e3o Paulo<\/h4>\n\n\n\n<p>O Instituto Moreira Salles (IMS) reabriu na Avenida Paulista, regi\u00e3o central da capital, com uma exposi\u00e7\u00e3o da fot\u00f3grafa chilena Paz Err\u00e1zuriz. O espa\u00e7o estava fechado h\u00e1 quase sete meses, desde o in\u00edcio da pandemia, e voltou a funcionar nesta semana, com a flexibiliza\u00e7\u00e3o da quarentena na cidade de S\u00e3o Paulo. A mostra traz 150 imagens e faz uma retrospectiva da trajet\u00f3ria da artista.<img decoding=\"async\" src=\"https:\/\/agenciabrasil.ebc.com.br\/ebc.png?id=1390900&amp;o=node\"><img decoding=\"async\" src=\"https:\/\/agenciabrasil.ebc.com.br\/ebc.gif?id=1390900&amp;o=node\"><\/p>\n\n\n\n<p>Autodidata, Err\u00e1zuriz come\u00e7ou a trabalhar com fotografia na d\u00e9cada de 1970, ap\u00f3s abandonar a carreira de professora prim\u00e1ria devido a ascens\u00e3o da ditadura de Augusto Pinochet. Em 1981, fundou a Associa\u00e7\u00e3o de Fot\u00f3grafos Independentes que documentou as manifesta\u00e7\u00f5es e outras express\u00f5es de resist\u00eancia contra o regime.<\/p>\n\n\n\n<figure class=\"wp-block-image size-large\"><img loading=\"lazy\" decoding=\"async\" width=\"754\" height=\"503\" src=\"https:\/\/tvc16.com\/portal\/wp-content\/uploads\/2020\/10\/15102020sp_museus_1440.jpg\" alt=\"\" class=\"wp-image-3136\" srcset=\"https:\/\/tvc16.com\/portal\/wp-content\/uploads\/2020\/10\/15102020sp_museus_1440.jpg 754w, https:\/\/tvc16.com\/portal\/wp-content\/uploads\/2020\/10\/15102020sp_museus_1440-300x200.jpg 300w\" sizes=\"auto, (max-width: 754px) 100vw, 754px\" \/><figcaption>S\u00e3o Paulo &#8211; Exposi\u00e7\u00e3o da fot\u00f3grafa chilena Paz Err\u00e1zuriz em reabertura do Instituto Moreira Salles &#8211; IMS, na Avenida Paulista.<\/figcaption><\/figure>\n\n\n\n<p>Apesar da import\u00e2ncia da cobertura desses fatos, Err\u00e1zuriz voltou sua produ\u00e7\u00e3o a trabalhos autorais em que estabelece rela\u00e7\u00f5es com comunidades muitas vezes estigmatizadas. Frequentou por um longo per\u00edodo o hospital psiqui\u00e1trico Philippe Pinel de Putaendo, a 200 quil\u00f4metros da capital chilena, Santiago.<\/p>\n\n\n\n<p>Na d\u00e9cada de 1990, ap\u00f3s estabelecer v\u00ednculos afetivos com as pessoas internadas, produziu&nbsp;<em>O infarto da alma<\/em>,&nbsp;ensaio em que retrata os casais que&nbsp;se formam ao longo dos anos&nbsp;no manic\u00f4mio. Algum tempo depois, publicou&nbsp;<em>Antessala da nudez<\/em>,&nbsp;em que os pacientes s\u00e3o retratados no espa\u00e7o para banho, mostrando a viol\u00eancia das institui\u00e7\u00f5es psiqui\u00e1tricas que amontoavam pessoas apartadas da sociedade sob o estigma da loucura.<\/p>\n\n\n\n<p>Em\u00a0<em>O pomo de ad\u00e3o<\/em>, a fot\u00f3grafa registrou o cotidiano de transexuais que trabalhavam em bordeis de Santiano e Talca. Os registros mostram um pouco do dia a dia: se preparando para o trabalho, caminhando pelas ruas e os locais onde dormiam.<\/p>\n\n\n\n<figure class=\"wp-block-image size-large\"><img loading=\"lazy\" decoding=\"async\" width=\"754\" height=\"503\" src=\"https:\/\/tvc16.com\/portal\/wp-content\/uploads\/2020\/10\/15102020sp_museus_1441.jpg\" alt=\"\" class=\"wp-image-3137\" srcset=\"https:\/\/tvc16.com\/portal\/wp-content\/uploads\/2020\/10\/15102020sp_museus_1441.jpg 754w, https:\/\/tvc16.com\/portal\/wp-content\/uploads\/2020\/10\/15102020sp_museus_1441-300x200.jpg 300w\" sizes=\"auto, (max-width: 754px) 100vw, 754px\" \/><figcaption>S\u00e3o Paulo &#8211; Exposi\u00e7\u00e3o da fot\u00f3grafa chilena Paz Err\u00e1zuriz em reabertura do Instituto Moreira Salles &#8211; IMS, na Avenida Paulista.<\/figcaption><\/figure>\n\n\n\n<p>A exposi\u00e7\u00e3o \u00e9 gratuita e vai at\u00e9 o dia&nbsp;3 de janeiro. \u00c9 preciso&nbsp;<a href=\"https:\/\/ims.com.br\/unidade\/sao-paulo\/\" target=\"_blank\" rel=\"noreferrer noopener\">agendar a visita pela p\u00e1gina do instituto<\/a>.&nbsp;<\/p>\n\n\n\n<p>\u201cA&nbsp;gente ainda est\u00e1 vivendo a pandemia e a gente fez adapta\u00e7\u00f5es para seguir os protocolos e fazer uma experi\u00eancia segura para todos,&nbsp;funcion\u00e1rios e visitantes\u201d, enfatiza a&nbsp;coordenadora do IMS Paulista, Joana Reiss Fernandes.&nbsp;<\/p>\n\n\n\n<p>Al\u00e9m dos hor\u00e1rios marcados, os visitantes precisam usar m\u00e1scara&nbsp;e foram feitas adapta\u00e7\u00f5es para a circula\u00e7\u00e3o dentro do pr\u00e9dio. \u201cPara que as pessoas circulem pelo pr\u00e9dio sem se cruzar muitas vezes,&nbsp;garantir o distanciamento adequado. Ent\u00e3o, a gente criou um percurso \u00fanico\u201d,&nbsp;acrescenta.<\/p>\n\n\n\n<p>Mesmo com as mudan\u00e7as, ainda \u00e9 poss\u00edvel aproveitar a vista da Avenida Paulista&nbsp;na varanda do edif\u00edcio, ponto onde grande parte do p\u00fablico aproveita para tirar fotos. \u201cAs pessoas podem tirar selfie de m\u00e1scara. A gente&nbsp;pede&nbsp;que as pessoas fa\u00e7am isso na sa\u00edda.&nbsp;Com o agendamento de hor\u00e1rio, a gente consegue garantir poucas pessoas circulando pelo pr\u00e9dio ao mesmo tempo\u201d,&nbsp;diz Joana.<\/p>\n\n\n\n<p>Ela tamb\u00e9m pede para que o p\u00fablico evite levar mochilas e bolsas grandes, porque, devido aos protocolos de seguran\u00e7a, o guarda-volumes est\u00e1 fechado.<\/p>\n\n\n\n<p>Edi\u00e7\u00e3o: L\u00edlian Beraldo<\/p>\n","protected":false},"excerpt":{"rendered":"<p>Mostra com 150 imagens est\u00e1 em exibi\u00e7\u00e3o no Instituto Moreira Salles Por Daniel Mello &#8211;<\/p>\n","protected":false},"author":2,"featured_media":3135,"comment_status":"open","ping_status":"open","sticky":false,"template":"","format":"standard","meta":{"footnotes":""},"categories":[21],"tags":[],"class_list":["post-3134","post","type-post","status-publish","format-standard","has-post-thumbnail","hentry","category-cultura"],"_links":{"self":[{"href":"https:\/\/tvc16.com\/portal\/wp-json\/wp\/v2\/posts\/3134","targetHints":{"allow":["GET"]}}],"collection":[{"href":"https:\/\/tvc16.com\/portal\/wp-json\/wp\/v2\/posts"}],"about":[{"href":"https:\/\/tvc16.com\/portal\/wp-json\/wp\/v2\/types\/post"}],"author":[{"embeddable":true,"href":"https:\/\/tvc16.com\/portal\/wp-json\/wp\/v2\/users\/2"}],"replies":[{"embeddable":true,"href":"https:\/\/tvc16.com\/portal\/wp-json\/wp\/v2\/comments?post=3134"}],"version-history":[{"count":1,"href":"https:\/\/tvc16.com\/portal\/wp-json\/wp\/v2\/posts\/3134\/revisions"}],"predecessor-version":[{"id":3138,"href":"https:\/\/tvc16.com\/portal\/wp-json\/wp\/v2\/posts\/3134\/revisions\/3138"}],"wp:featuredmedia":[{"embeddable":true,"href":"https:\/\/tvc16.com\/portal\/wp-json\/wp\/v2\/media\/3135"}],"wp:attachment":[{"href":"https:\/\/tvc16.com\/portal\/wp-json\/wp\/v2\/media?parent=3134"}],"wp:term":[{"taxonomy":"category","embeddable":true,"href":"https:\/\/tvc16.com\/portal\/wp-json\/wp\/v2\/categories?post=3134"},{"taxonomy":"post_tag","embeddable":true,"href":"https:\/\/tvc16.com\/portal\/wp-json\/wp\/v2\/tags?post=3134"}],"curies":[{"name":"wp","href":"https:\/\/api.w.org\/{rel}","templated":true}]}}