{"id":3147,"date":"2020-10-18T17:13:05","date_gmt":"2020-10-18T17:13:05","guid":{"rendered":"https:\/\/tvc16.com\/portal\/?p=3147"},"modified":"2020-10-18T17:13:05","modified_gmt":"2020-10-18T17:13:05","slug":"aulas-presenciais-retornarao-em-16-municipios-incluindo-capital-niteroi-e-duque-de-caxias","status":"publish","type":"post","link":"https:\/\/tvc16.com\/portal\/2020\/10\/18\/aulas-presenciais-retornarao-em-16-municipios-incluindo-capital-niteroi-e-duque-de-caxias\/","title":{"rendered":"Aulas presenciais retornar\u00e3o em 16 munic\u00edpios, incluindo capital, Niter\u00f3i e Duque de Caxias"},"content":{"rendered":"\n<p><strong><br><\/strong><em>Retorno deve acontecer em 416 escolas estaduais. Juntas, essas unidades somam 63 mil alunos<br><\/em><\/p>\n\n\n\n<p>Na pr\u00f3xima segunda-feira (19\/10), 16 munic\u00edpios, incluindo a capital, Niter\u00f3i e Duque de Caxias, retornar\u00e3o \u00e0s aulas presenciais para as turmas da 3\u00aa s\u00e9rie do Ensino M\u00e9dio, nas modalidades regular, t\u00e9cnico e de Educa\u00e7\u00e3o de Jovens e Adultos (EJA &#8211; Fase IV). No restante do estado, as atividades pedag\u00f3gicas ser\u00e3o exclusivamente remotas, por decis\u00e3o das prefeituras ou por conta da classifica\u00e7\u00e3o laranja de cont\u00e1gio, como \u00e9 o caso da Regi\u00e3o Centro-Sul Fluminense. Mesmo sem aulas presenciais, todas as escolas da rede ficar\u00e3o abertas para que os estudantes retirem o material did\u00e1tico, al\u00e9m do kit alimenta\u00e7\u00e3o.<br>O retorno deve acontecer em 416 escolas estaduais. Juntas, essas unidades somam 63 mil alunos, que poder\u00e3o optar por voltar \u00e0s aulas presenciais na segunda-feira. Os munic\u00edpios que aderiram \u00e0 flexibiliza\u00e7\u00e3o s\u00e3o: Carapebus; Casimiro de Abreu; Duque de Caxias; Italva; Itatiaia; Maca\u00e9; Mesquita; Miracema; Natividade; Nil\u00f3polis; Niter\u00f3i; Pira\u00ed; Rio de Janeiro; S\u00e3o Francisco de Itabapoana; S\u00e3o Pedro da Aldeia e Serop\u00e9dica.<br>Nos munic\u00edpios que v\u00e3o retornar, 24 escolas n\u00e3o iniciar\u00e3o suas aulas presenciais com as demais, uma vez que suas equipes de dire\u00e7\u00e3o declararam fazer parte do grupo de risco da Covid-19. Ao longo da semana, a Secretaria de Educa\u00e7\u00e3o providenciar\u00e1 uma solu\u00e7\u00e3o administrativa para a retomada das atividades.<\/p>\n\n\n\n<p><br><strong>Veja os nomes das unidades escolares que n\u00e3o voltar\u00e3o no dia 19\/10:\u00a0<\/strong><br><strong>Rio de Janeiro<br><br><\/strong>CE Agostinho Neto\u00a0CE Bangu\u00a0CE Bar\u00e3o de Santa Margarida\u00a0CE Bar\u00e3o do Rio Branco\u00a0CE Deborah Mendes De Moraes\u00a0CE Engenheiro Jo\u00e3o Thom\u00e9\u00a0CE Francisco Caldeira de Alvarenga\u00a0CE George Washington\u00a0CE Professor Ney Cidade PalmeiroCE Professora Jeannette De Souza Coelho MannarinoCE Professora Vilma Atan\u00e1zio\u00a0CE Stuart Edgar Angel Jones\u00a0CE J\u00falia Kubitschek\u00a0\u00a0CIEP 205 Frei Agostinho F\u00ednciasCE Chiquinha Gonzaga\u00a0CE Jo\u00e3o AlfredoCE Souza Aguiar\u00a0CE Andr\u00e9 Maurois\u00a0CE Professor Antonio Maria Teixeira Filho<br><strong>Niter\u00f3i<br><br><\/strong>Liceu Nilo Pe\u00e7anha<br><strong>Mesquita<\/strong><br>CE Ana Neri<br><strong>Casimiro de Abreu<\/strong><br>CE Santa Maria\u00a0CE Indaia\u00e7u\u00a0CE Rio Dourado<\/p>\n","protected":false},"excerpt":{"rendered":"<p>Retorno deve acontecer em 416 escolas estaduais. Juntas, essas unidades somam 63 mil alunos Na<\/p>\n","protected":false},"author":2,"featured_media":3152,"comment_status":"open","ping_status":"open","sticky":false,"template":"","format":"standard","meta":{"footnotes":""},"categories":[1],"tags":[],"class_list":["post-3147","post","type-post","status-publish","format-standard","has-post-thumbnail","hentry","category-uncategorized"],"_links":{"self":[{"href":"https:\/\/tvc16.com\/portal\/wp-json\/wp\/v2\/posts\/3147","targetHints":{"allow":["GET"]}}],"collection":[{"href":"https:\/\/tvc16.com\/portal\/wp-json\/wp\/v2\/posts"}],"about":[{"href":"https:\/\/tvc16.com\/portal\/wp-json\/wp\/v2\/types\/post"}],"author":[{"embeddable":true,"href":"https:\/\/tvc16.com\/portal\/wp-json\/wp\/v2\/users\/2"}],"replies":[{"embeddable":true,"href":"https:\/\/tvc16.com\/portal\/wp-json\/wp\/v2\/comments?post=3147"}],"version-history":[{"count":1,"href":"https:\/\/tvc16.com\/portal\/wp-json\/wp\/v2\/posts\/3147\/revisions"}],"predecessor-version":[{"id":3154,"href":"https:\/\/tvc16.com\/portal\/wp-json\/wp\/v2\/posts\/3147\/revisions\/3154"}],"wp:featuredmedia":[{"embeddable":true,"href":"https:\/\/tvc16.com\/portal\/wp-json\/wp\/v2\/media\/3152"}],"wp:attachment":[{"href":"https:\/\/tvc16.com\/portal\/wp-json\/wp\/v2\/media?parent=3147"}],"wp:term":[{"taxonomy":"category","embeddable":true,"href":"https:\/\/tvc16.com\/portal\/wp-json\/wp\/v2\/categories?post=3147"},{"taxonomy":"post_tag","embeddable":true,"href":"https:\/\/tvc16.com\/portal\/wp-json\/wp\/v2\/tags?post=3147"}],"curies":[{"name":"wp","href":"https:\/\/api.w.org\/{rel}","templated":true}]}}