{"id":315,"date":"2020-09-11T01:03:18","date_gmt":"2020-09-11T01:03:18","guid":{"rendered":"https:\/\/tvc16.com\/portal\/?p=315"},"modified":"2020-09-11T01:04:48","modified_gmt":"2020-09-11T01:04:48","slug":"apenas-segurados-agendados-serao-atendidos-nas-agencias-do-inss-a-reabertura-das-agencias-esta-prevista-para-a-proxima-segunda-feira","status":"publish","type":"post","link":"https:\/\/tvc16.com\/portal\/2020\/09\/11\/apenas-segurados-agendados-serao-atendidos-nas-agencias-do-inss-a-reabertura-das-agencias-esta-prevista-para-a-proxima-segunda-feira\/","title":{"rendered":"Apenas segurados agendados ser\u00e3o atendidos nas ag\u00eancias do INSS. A reabertura das ag\u00eancias est\u00e1 prevista para a pr\u00f3xima segunda-feira"},"content":{"rendered":"\n<p>As ag\u00eancias do Instituto Nacional do Seguro Social (INSS) v\u00e3o reabrir na pr\u00f3xima segunda-feira (14), mas o atendimento ser\u00e1 exclusivo para quem fizer agendamento. Para marcar hora, o segurado deve acessar o site Meu INSS e aplicativo ou ligar no 135.<br>Segundo o INSS, estar\u00e3o dispon\u00edveis para atendimento presencial os servi\u00e7os de per\u00edcia m\u00e9dica, avalia\u00e7\u00e3o social, cumprimento de exig\u00eancia, justifica\u00e7\u00e3o administrativa e reabilita\u00e7\u00e3o profissional.<br>O instituto ressalta que os segurados sem agendamento n\u00e3o ser\u00e3o atendidos, para evitar aglomera\u00e7\u00f5es dentro e fora das ag\u00eancias, de acordo com orienta\u00e7\u00f5es do Minist\u00e9rio da Sa\u00fade.<br>Em agosto, a Secretaria Especial de Previd\u00eancia e Trabalho do Minist\u00e9rio da Economia e do INSS informaram a nova data de retorno ao atendimento presencial &#8211; 14 de setembro.<br>O atendimento exclusivo por meio de canais remotos segue at\u00e9 amanh\u00e3 (11). E mesmo com a abertura das ag\u00eancias, o atendimento remoto continuar\u00e1 a ser oferecido.<br>Segundo o INSS, a reabertura ser\u00e1 gradual e considerar\u00e1 as especificidades de cada uma das Ag\u00eancias da Previd\u00eancia Social no pa\u00eds. Cada unidade dever\u00e1 avaliar o perfil do quadro de servidores e contratados, o volume de atendimentos realizados, a organiza\u00e7\u00e3o do espa\u00e7o f\u00edsico, as medidas de limpeza e os equipamentos de prote\u00e7\u00e3o individual e coletiva.<br>Confira como agendar servi\u00e7os no Meu INSS. https:\/\/bit.ly\/33k0yY8<br>Kelly Oliveira \u2013 Ag\u00eancia Brasil &#8211; Bras\u00edlia<br>Edi\u00e7\u00e3o: Val\u00e9ria Aguiar<\/p>\n","protected":false},"excerpt":{"rendered":"<p>As ag\u00eancias do Instituto Nacional do Seguro Social (INSS) v\u00e3o reabrir na pr\u00f3xima segunda-feira (14),<\/p>\n","protected":false},"author":1,"featured_media":316,"comment_status":"open","ping_status":"open","sticky":false,"template":"","format":"standard","meta":{"footnotes":""},"categories":[17],"tags":[],"class_list":["post-315","post","type-post","status-publish","format-standard","has-post-thumbnail","hentry","category-outras-noticias"],"_links":{"self":[{"href":"https:\/\/tvc16.com\/portal\/wp-json\/wp\/v2\/posts\/315","targetHints":{"allow":["GET"]}}],"collection":[{"href":"https:\/\/tvc16.com\/portal\/wp-json\/wp\/v2\/posts"}],"about":[{"href":"https:\/\/tvc16.com\/portal\/wp-json\/wp\/v2\/types\/post"}],"author":[{"embeddable":true,"href":"https:\/\/tvc16.com\/portal\/wp-json\/wp\/v2\/users\/1"}],"replies":[{"embeddable":true,"href":"https:\/\/tvc16.com\/portal\/wp-json\/wp\/v2\/comments?post=315"}],"version-history":[{"count":1,"href":"https:\/\/tvc16.com\/portal\/wp-json\/wp\/v2\/posts\/315\/revisions"}],"predecessor-version":[{"id":317,"href":"https:\/\/tvc16.com\/portal\/wp-json\/wp\/v2\/posts\/315\/revisions\/317"}],"wp:featuredmedia":[{"embeddable":true,"href":"https:\/\/tvc16.com\/portal\/wp-json\/wp\/v2\/media\/316"}],"wp:attachment":[{"href":"https:\/\/tvc16.com\/portal\/wp-json\/wp\/v2\/media?parent=315"}],"wp:term":[{"taxonomy":"category","embeddable":true,"href":"https:\/\/tvc16.com\/portal\/wp-json\/wp\/v2\/categories?post=315"},{"taxonomy":"post_tag","embeddable":true,"href":"https:\/\/tvc16.com\/portal\/wp-json\/wp\/v2\/tags?post=315"}],"curies":[{"name":"wp","href":"https:\/\/api.w.org\/{rel}","templated":true}]}}