{"id":3155,"date":"2020-10-18T20:49:03","date_gmt":"2020-10-18T20:49:03","guid":{"rendered":"https:\/\/tvc16.com\/portal\/?p=3155"},"modified":"2020-10-18T21:15:14","modified_gmt":"2020-10-18T21:15:14","slug":"feira-de-artesanato-estara-aberta-neste-feriado-19-na-praca-visconde-maua","status":"publish","type":"post","link":"https:\/\/tvc16.com\/portal\/2020\/10\/18\/feira-de-artesanato-estara-aberta-neste-feriado-19-na-praca-visconde-maua\/","title":{"rendered":"Feira de artesanato estar\u00e1 aberta neste feriado, 19, na Pra\u00e7a Visconde Mau\u00e1"},"content":{"rendered":"\n<p>A Feira &#8220;Circuito EcoSol&#8221; edi\u00e7\u00e3o &#8220;Pra\u00e7a da \u00c1guia&#8221; faz parte da Economia Solid\u00e1ria, e, \u00e9 uma boa op\u00e7\u00e3o para petropolitanos e turistas que desejam conhecer e comprar artesanato local com bons pre\u00e7os e muita variedade.  A Feira re\u00fane artes\u00e3os da FESP (<strong>F\u00f3rum de Economia Popular Solid\u00e1ria de Petr\u00f3polis<\/strong>). <\/p>\n\n\n\n<p>Os estandes, ou barracas, est\u00e3o montados na Pra\u00e7a Visconde de Mau\u00e1 (em frente \u00e0 C\u00e2mara Municipal de Petr\u00f3polis), todos os s\u00e1bados, domingos e feriados. Nesta segunda-feira (19) feriado do Dia do Comerci\u00e1rio, na Cidade Imperial, a feira estar\u00e1 no local das 10h \u00e0s 17h30. <\/p>\n\n\n\n<figure class=\"wp-block-image size-large\"><img loading=\"lazy\" decoding=\"async\" width=\"1024\" height=\"576\" src=\"https:\/\/tvc16.com\/portal\/wp-content\/uploads\/2020\/10\/20201018_155153-1024x576.jpg\" alt=\"\" class=\"wp-image-3156\" srcset=\"https:\/\/tvc16.com\/portal\/wp-content\/uploads\/2020\/10\/20201018_155153-1024x576.jpg 1024w, https:\/\/tvc16.com\/portal\/wp-content\/uploads\/2020\/10\/20201018_155153-300x169.jpg 300w, https:\/\/tvc16.com\/portal\/wp-content\/uploads\/2020\/10\/20201018_155153-768x432.jpg 768w, https:\/\/tvc16.com\/portal\/wp-content\/uploads\/2020\/10\/20201018_155153-1536x864.jpg 1536w, https:\/\/tvc16.com\/portal\/wp-content\/uploads\/2020\/10\/20201018_155153-2048x1152.jpg 2048w\" sizes=\"auto, (max-width: 1024px) 100vw, 1024px\" \/><figcaption>Artes\u00e3os trabalham s\u00e1bados, domingo e feriados das 10h \u00e0s 17h30<\/figcaption><\/figure>\n\n\n\n<p>Saiba mais sobre o FESP<\/p>\n\n\n\n<p>\u00c9 um grupo de produtores locais (Petr\u00f3polis-RJ) de diversos segmentos: alimenta\u00e7\u00e3o, artesanato, confec\u00e7\u00e3o, dentre outros. Os artes\u00e3os, lutam por uma economia justa e solid\u00e1ria de com\u00e9rcio e produ\u00e7\u00e3o de servi\u00e7os e produtos, com base na lei da Lei 7.507.<\/p>\n","protected":false},"excerpt":{"rendered":"<p>A Feira &#8220;Circuito EcoSol&#8221; edi\u00e7\u00e3o &#8220;Pra\u00e7a da \u00c1guia&#8221; faz parte da Economia Solid\u00e1ria, e, \u00e9<\/p>\n","protected":false},"author":2,"featured_media":3158,"comment_status":"open","ping_status":"open","sticky":false,"template":"","format":"standard","meta":{"footnotes":""},"categories":[12],"tags":[],"class_list":["post-3155","post","type-post","status-publish","format-standard","has-post-thumbnail","hentry","category-cidade"],"_links":{"self":[{"href":"https:\/\/tvc16.com\/portal\/wp-json\/wp\/v2\/posts\/3155","targetHints":{"allow":["GET"]}}],"collection":[{"href":"https:\/\/tvc16.com\/portal\/wp-json\/wp\/v2\/posts"}],"about":[{"href":"https:\/\/tvc16.com\/portal\/wp-json\/wp\/v2\/types\/post"}],"author":[{"embeddable":true,"href":"https:\/\/tvc16.com\/portal\/wp-json\/wp\/v2\/users\/2"}],"replies":[{"embeddable":true,"href":"https:\/\/tvc16.com\/portal\/wp-json\/wp\/v2\/comments?post=3155"}],"version-history":[{"count":2,"href":"https:\/\/tvc16.com\/portal\/wp-json\/wp\/v2\/posts\/3155\/revisions"}],"predecessor-version":[{"id":3160,"href":"https:\/\/tvc16.com\/portal\/wp-json\/wp\/v2\/posts\/3155\/revisions\/3160"}],"wp:featuredmedia":[{"embeddable":true,"href":"https:\/\/tvc16.com\/portal\/wp-json\/wp\/v2\/media\/3158"}],"wp:attachment":[{"href":"https:\/\/tvc16.com\/portal\/wp-json\/wp\/v2\/media?parent=3155"}],"wp:term":[{"taxonomy":"category","embeddable":true,"href":"https:\/\/tvc16.com\/portal\/wp-json\/wp\/v2\/categories?post=3155"},{"taxonomy":"post_tag","embeddable":true,"href":"https:\/\/tvc16.com\/portal\/wp-json\/wp\/v2\/tags?post=3155"}],"curies":[{"name":"wp","href":"https:\/\/api.w.org\/{rel}","templated":true}]}}