{"id":3167,"date":"2020-10-18T21:34:26","date_gmt":"2020-10-18T21:34:26","guid":{"rendered":"https:\/\/tvc16.com\/portal\/?p=3167"},"modified":"2020-10-18T21:34:26","modified_gmt":"2020-10-18T21:34:26","slug":"cbf-adia-duelo-da-serie-d-apos-internacao-de-17-atletas-do-rio-branco","status":"publish","type":"post","link":"https:\/\/tvc16.com\/portal\/2020\/10\/18\/cbf-adia-duelo-da-serie-d-apos-internacao-de-17-atletas-do-rio-branco\/","title":{"rendered":"CBF adia duelo da s\u00e9rie D ap\u00f3s interna\u00e7\u00e3o de 17 atletas do Rio Branco"},"content":{"rendered":"\n<h3 class=\"wp-block-heading\">Suspeita \u00e9 de intoxica\u00e7\u00e3o alimentar e jogo com Bragantino ser\u00e1 amanh\u00e3<\/h3>\n\n\n\n<h4 class=\"wp-block-heading\">Por Rodrigo Ricardo &#8211; Rep\u00f3rter da R\u00e1dio Nacional &#8211; Rio de Janeiro<\/h4>\n\n\n\n<p>A partida entre Bragantino-PA e Rio Branco-AC marcada para este\u00a0domingo\u00a0(18) foi adiada para amanh\u00e3 (19), \u00e0s 15h, no Est\u00e1dio Ol\u00edmpico S\u00e3o Benedito, o Diog\u00e3o, na cidade de Bragan\u00e7a (PA). O jogo v\u00e1lido pela s\u00e9tima rodada Grupo 1 da S\u00e9rie D do Campeonato Brasileiro seria\u00a0hoje, mas 17 jogadores do Estrel\u00e3o\u00a0acreano est\u00e3o sob suspeita de intoxica\u00e7\u00e3o alimentar. A Confedera\u00e7\u00e3o Brasileira de Futebol (CBF) ainda n\u00e3o confirmou oficialmente o cancelamento, mas os dirigentes dos clubes j\u00e1 teriam se comunicado com a entidade e optado por esta decis\u00e3o. Pelas redes sociais, o Rio Branco j\u00e1 confirmou o aceite da CBF.<img decoding=\"async\" src=\"https:\/\/agenciabrasil.ebc.com.br\/ebc.png?id=1390969&amp;o=node\"><img decoding=\"async\" src=\"https:\/\/agenciabrasil.ebc.com.br\/ebc.gif?id=1390969&amp;o=node\"><\/p>\n\n\n\n<figure class=\"wp-block-image size-large\"><img loading=\"lazy\" decoding=\"async\" width=\"754\" height=\"754\" src=\"https:\/\/tvc16.com\/portal\/wp-content\/uploads\/2020\/10\/rio_branco_fc_serie_d_intoxicacao.jpg\" alt=\"\" class=\"wp-image-3168\" srcset=\"https:\/\/tvc16.com\/portal\/wp-content\/uploads\/2020\/10\/rio_branco_fc_serie_d_intoxicacao.jpg 754w, https:\/\/tvc16.com\/portal\/wp-content\/uploads\/2020\/10\/rio_branco_fc_serie_d_intoxicacao-300x300.jpg 300w, https:\/\/tvc16.com\/portal\/wp-content\/uploads\/2020\/10\/rio_branco_fc_serie_d_intoxicacao-150x150.jpg 150w\" sizes=\"auto, (max-width: 754px) 100vw, 754px\" \/><\/figure>\n\n\n\n<p>Logo ap\u00f3s o jantar, neste \u00faltimo\u00a0s\u00e1bado\u00a0(18), atletas e comiss\u00e3o t\u00e9cnica do Rio Branco come\u00e7aram a sentir uma indisposi\u00e7\u00e3o estomacal. A situa\u00e7\u00e3o for\u00e7ou a comiss\u00e3o t\u00e9cnica do clube a lev\u00e1-los para a Unidade de Pronto Atendimento (UPA), da cidade de Bragan\u00e7a, munic\u00edpio do interior paraense. PeloTwitter, o Estrel\u00e3o divulgou boletim m\u00e9dico, informando que apenas quatro pessoas da delega\u00e7\u00e3o n\u00e3o sofreram qualquer mal-estar, justamente os que estavam sem fome e n\u00e3o participaram da refei\u00e7\u00e3o noturna.<\/p>\n\n\n\n<p>Confira abaixo o \u00faltimo informe do clube no Facebook:<\/p>\n\n\n\n<p><em>Delega\u00e7\u00e3o est\u00e1 em hotel e segue apresentando sintomas. Casos mais agravantes s\u00e3o do goleiro Bruno, os zagueiros Wallinson e Paulinho e do meia Guilherme Campana. Nenhum membro da delega\u00e7\u00e3o fez qualquer alimenta\u00e7\u00e3o desde a noite de ontem.<\/em><\/p>\n\n\n\n<p><em>Somente 4 membros n\u00e3o foram acometidos: os atacantes Cassiano e Vandinho, o treinador interino Walter Clay e o \u00eddolo Chic\u00e3o, que acompanhou a delega\u00e7\u00e3o em viagem. Os 4 decidiram n\u00e3o jantaram na noite de ontem.<\/em><\/p>\n\n\n\n<p><em>Um B.O foi realizado para relatar o ocorrido, sem acusa\u00e7\u00f5es a nenhuma parte. Informamos que n\u00e3o \u00e9 verdade que acusamos ou entramos com B.O contra o Hotel \u00cdbis de Bel\u00e9m. Fomks hospedados em Bel\u00e9m na noite de sexta-feira, enquanto a situa\u00e7\u00e3o aconteceu na madrugada de s\u00e1bado para domigo, ap\u00f3s uma refei\u00e7\u00e3o em um restaurante pr\u00e9-determinado na log\u00edstica da viagem na cidade de Bragan\u00e7a. N\u00e3o foi o mesmo da imagem que publicamos na sexta.<\/em><\/p>\n\n\n\n<p><em>Ao todo, 11 atestados j\u00e1 foram protocolados \u00e0 CBF pedindo a suspens\u00e3o da partida, al\u00e9m do prontu\u00e1rio e receitas de todos os 20 acometidos. Delega\u00e7\u00e3o deveria se deslocar ao Est\u00e1dio Diog\u00e3o neste momento, mas estar\u00e1 se encaminhando \u00e0 UPA novamente. Clube pede a suspens\u00e3o do jogo.<\/em><\/p>\n\n\n\n<p>Edi\u00e7\u00e3o: Cl\u00e1udia Soares Rodrigues<\/p>\n","protected":false},"excerpt":{"rendered":"<p>Suspeita \u00e9 de intoxica\u00e7\u00e3o alimentar e jogo com Bragantino ser\u00e1 amanh\u00e3 Por Rodrigo Ricardo &#8211;<\/p>\n","protected":false},"author":2,"featured_media":3169,"comment_status":"open","ping_status":"open","sticky":false,"template":"","format":"standard","meta":{"footnotes":""},"categories":[20],"tags":[],"class_list":["post-3167","post","type-post","status-publish","format-standard","has-post-thumbnail","hentry","category-esporte"],"_links":{"self":[{"href":"https:\/\/tvc16.com\/portal\/wp-json\/wp\/v2\/posts\/3167","targetHints":{"allow":["GET"]}}],"collection":[{"href":"https:\/\/tvc16.com\/portal\/wp-json\/wp\/v2\/posts"}],"about":[{"href":"https:\/\/tvc16.com\/portal\/wp-json\/wp\/v2\/types\/post"}],"author":[{"embeddable":true,"href":"https:\/\/tvc16.com\/portal\/wp-json\/wp\/v2\/users\/2"}],"replies":[{"embeddable":true,"href":"https:\/\/tvc16.com\/portal\/wp-json\/wp\/v2\/comments?post=3167"}],"version-history":[{"count":1,"href":"https:\/\/tvc16.com\/portal\/wp-json\/wp\/v2\/posts\/3167\/revisions"}],"predecessor-version":[{"id":3170,"href":"https:\/\/tvc16.com\/portal\/wp-json\/wp\/v2\/posts\/3167\/revisions\/3170"}],"wp:featuredmedia":[{"embeddable":true,"href":"https:\/\/tvc16.com\/portal\/wp-json\/wp\/v2\/media\/3169"}],"wp:attachment":[{"href":"https:\/\/tvc16.com\/portal\/wp-json\/wp\/v2\/media?parent=3167"}],"wp:term":[{"taxonomy":"category","embeddable":true,"href":"https:\/\/tvc16.com\/portal\/wp-json\/wp\/v2\/categories?post=3167"},{"taxonomy":"post_tag","embeddable":true,"href":"https:\/\/tvc16.com\/portal\/wp-json\/wp\/v2\/tags?post=3167"}],"curies":[{"name":"wp","href":"https:\/\/api.w.org\/{rel}","templated":true}]}}