{"id":3171,"date":"2020-10-18T21:38:06","date_gmt":"2020-10-18T21:38:06","guid":{"rendered":"https:\/\/tvc16.com\/portal\/?p=3171"},"modified":"2020-10-18T21:38:06","modified_gmt":"2020-10-18T21:38:06","slug":"maia-descarta-prorrogar-estado-de-calamidade","status":"publish","type":"post","link":"https:\/\/tvc16.com\/portal\/2020\/10\/18\/maia-descarta-prorrogar-estado-de-calamidade\/","title":{"rendered":"Maia descarta prorrogar estado de calamidade"},"content":{"rendered":"\n<h3 class=\"wp-block-heading\">Medida permitiria prorroga\u00e7\u00e3o do aux\u00edlio emergencial<\/h3>\n\n\n\n<h4 class=\"wp-block-heading\">Por Alex Rodrigues &#8211; Rep\u00f3rter da Ag\u00eancia Brasil &#8211; Bras\u00edlia<\/h4>\n\n\n\n<p>O presidente da C\u00e2mara dos Deputados, Rodrigo Maia (DEM-RJ), afirmou neste s\u00e1bado (17) que o Parlamento brasileiro n\u00e3o ir\u00e1 aprovar uma eventual proposta de prorroga\u00e7\u00e3o do estado de calamidade p\u00fablica a fim de permitir que o governo federal gaste al\u00e9m do chamado \u201cteto de gastos\u201d, regra fiscal que limita os gastos p\u00fablicos e que est\u00e1 em vigor desde 2017.<img decoding=\"async\" src=\"https:\/\/agenciabrasil.ebc.com.br\/ebc.png?id=1390913&amp;o=node\"><img decoding=\"async\" src=\"https:\/\/agenciabrasil.ebc.com.br\/ebc.gif?id=1390913&amp;o=node\"><\/p>\n\n\n\n<p>\u201cHoje, conversando com investidores, deixei bem claro que a C\u00e2mara n\u00e3o ir\u00e1, em nenhuma hip\u00f3tese, prorrogar o estado de calamidade para o ano que vem\u201d,&nbsp;escreveu Maia em sua conta pessoal no Twiter, referindo-se \u00e0 sua participa\u00e7\u00e3o, poucas horas antes, em um evento digital realizado por uma empresa de assessoria de investimentos.<\/p>\n\n\n\n<p>Decretado pelo governo federal em fun\u00e7\u00e3o da pandemia da covid-19 e aprovado pela C\u00e2mara e pelo Senado em mar\u00e7o deste ano, o reconhecimento do estado de calamidade p\u00fablica no pa\u00eds est\u00e1 previsto para vigorar at\u00e9&nbsp;31 de dezembro. Um dos principais aspectos do decreto \u00e9 autorizar&nbsp;o governo&nbsp;federal a gastar al\u00e9m da meta fiscal prevista para este ano.<\/p>\n\n\n\n<p>O or\u00e7amento de 2020 previa uma meta de d\u00e9ficit prim\u00e1rio de R$ 124,1 bilh\u00f5es (ou 1,7% do Produto Interno Bruto \u2013 PIB, a soma de todas as riquezas produzidas no pa\u00eds), mas com a aprova\u00e7\u00e3o do decreto de calamidade p\u00fablica por causa da pandemia, o governo foi autorizado a gastar al\u00e9m desse limite, ampliando os gastos p\u00fablicos, principalmente com medidas de enfrentamento \u00e0s consequ\u00eancias socioecon\u00f4micas da pandemia.<\/p>\n\n\n\n<p>No fim&nbsp;de setembro, o secret\u00e1rio especial de Fazenda do Minist\u00e9rio da Economia, Waldery Rodrigues,&nbsp;admitiu, durante&nbsp;audi\u00eancia p\u00fablica na Comiss\u00e3o Especial do Congresso Nacional,&nbsp;que as&nbsp;<a href=\"https:\/\/agenciabrasil.ebc.com.br\/economia\/noticia\/2020-09\/contas-publicas-podem-ter-deficit-de-r-871-bilhoes-este-ano\" target=\"_blank\" rel=\"noreferrer noopener\">contas p\u00fablicas do governo federal devem fechar&nbsp;o ano com um d\u00e9ficit de R$ 871 bilh\u00f5es<\/a>&nbsp;(12,1% do PIB).<\/p>\n\n\n\n<p>Apesar disso, alguns setores come\u00e7aram a sugerir a hip\u00f3tese de propor a extens\u00e3o da vig\u00eancia do decreto de calamidade p\u00fablica at\u00e9 2021. A medida, que precisaria da aprova\u00e7\u00e3o do Congresso Nacional, permitiria ao governo federal, entre outras coisas, prorrogar o pagamento do aux\u00edlio emergencial \u00e0s fam\u00edlias financeiramente prejudicadas pela pandemia.<\/p>\n\n\n\n<p>Ao participar da audi\u00eancia, o pr\u00f3prio secret\u00e1rio defendeu o teto de gastos, alegando que a medida n\u00e3o permite que a maior parte das despesas do governo cres\u00e7a acima da infla\u00e7\u00e3o do ano anterior, evitando &#8220;riscos fiscais desnecess\u00e1rios&#8221;. A opini\u00e3o \u00e9 compartilhada por Rodrigo Maia.&nbsp;<\/p>\n\n\n\n<p>\u201cSolu\u00e7\u00f5es ser\u00e3o encontradas dentro deste or\u00e7amento, com a regulamenta\u00e7\u00e3o do teto de gastos\u201d,&nbsp;escreveu Maia,&nbsp;hoje, em sua conta pessoal no Twitter.<\/p>\n\n\n\n<p>\u201cA gente j\u00e1 viu que ideias criativas, em um passado n\u00e3o t\u00e3o distante, geram desastres econ\u00f4micos e impactam a vida das fam\u00edlias brasileiras. Eu, como primeiro signat\u00e1rio da PEC da Guerra, n\u00e3o posso aceitar que ela seja desvirtuada para desorganizar o nosso Estado, a economia\u201d,\u00a0acrescentou o presidente da C\u00e2mara, afirmando \u201cque\u00a0n\u00e3o h\u00e1 caminho fora do teto de gastos\u201d.<\/p>\n\n\n\n<p><em>Edi\u00e7\u00e3o: L\u00edlian Beraldo<\/em><\/p>\n","protected":false},"excerpt":{"rendered":"<p>Medida permitiria prorroga\u00e7\u00e3o do aux\u00edlio emergencial Por Alex Rodrigues &#8211; Rep\u00f3rter da Ag\u00eancia Brasil &#8211;<\/p>\n","protected":false},"author":2,"featured_media":3172,"comment_status":"open","ping_status":"open","sticky":false,"template":"","format":"standard","meta":{"footnotes":""},"categories":[15],"tags":[],"class_list":["post-3171","post","type-post","status-publish","format-standard","has-post-thumbnail","hentry","category-politica"],"_links":{"self":[{"href":"https:\/\/tvc16.com\/portal\/wp-json\/wp\/v2\/posts\/3171","targetHints":{"allow":["GET"]}}],"collection":[{"href":"https:\/\/tvc16.com\/portal\/wp-json\/wp\/v2\/posts"}],"about":[{"href":"https:\/\/tvc16.com\/portal\/wp-json\/wp\/v2\/types\/post"}],"author":[{"embeddable":true,"href":"https:\/\/tvc16.com\/portal\/wp-json\/wp\/v2\/users\/2"}],"replies":[{"embeddable":true,"href":"https:\/\/tvc16.com\/portal\/wp-json\/wp\/v2\/comments?post=3171"}],"version-history":[{"count":1,"href":"https:\/\/tvc16.com\/portal\/wp-json\/wp\/v2\/posts\/3171\/revisions"}],"predecessor-version":[{"id":3173,"href":"https:\/\/tvc16.com\/portal\/wp-json\/wp\/v2\/posts\/3171\/revisions\/3173"}],"wp:featuredmedia":[{"embeddable":true,"href":"https:\/\/tvc16.com\/portal\/wp-json\/wp\/v2\/media\/3172"}],"wp:attachment":[{"href":"https:\/\/tvc16.com\/portal\/wp-json\/wp\/v2\/media?parent=3171"}],"wp:term":[{"taxonomy":"category","embeddable":true,"href":"https:\/\/tvc16.com\/portal\/wp-json\/wp\/v2\/categories?post=3171"},{"taxonomy":"post_tag","embeddable":true,"href":"https:\/\/tvc16.com\/portal\/wp-json\/wp\/v2\/tags?post=3171"}],"curies":[{"name":"wp","href":"https:\/\/api.w.org\/{rel}","templated":true}]}}