{"id":3174,"date":"2020-10-18T21:40:27","date_gmt":"2020-10-18T21:40:27","guid":{"rendered":"https:\/\/tvc16.com\/portal\/?p=3174"},"modified":"2020-10-18T21:40:27","modified_gmt":"2020-10-18T21:40:27","slug":"ana-satila-fatura-ouro-inedito-na-copa-do-mundo-de-canoagem","status":"publish","type":"post","link":"https:\/\/tvc16.com\/portal\/2020\/10\/18\/ana-satila-fatura-ouro-inedito-na-copa-do-mundo-de-canoagem\/","title":{"rendered":"Ana S\u00e1tila fatura ouro in\u00e9dito na Copa do Mundo de Canoagem"},"content":{"rendered":"\n<h3 class=\"wp-block-heading\">Ela fez o melhor tempo na canoa individual, um dia ap\u00f3s bronze de Pep\u00ea<\/h3>\n\n\n\n<h4 class=\"wp-block-heading\">Por Ag\u00eancia Brasil &#8211; Rio de Janeiro<\/h4>\n\n\n\n<p>O Brasil voltou a subir ao p\u00f3dio neste domingo (18) na Copa do Mundo de Canoagem, em Tacen (Eslov\u00eania), e desta vez no degrau mais alto. A mineira Ana S\u00e1tila venceu com sobra a prova da categoria C1 (canoa individual) e conquistou o ouro. S\u00e1tila foi veloz: com a marca de 93 segundos e 64 cent\u00e9simos, abriu vantagem de 1seg73 em rela\u00e7\u00e3o \u00e0 segunda colocada, a francesa Lucie Prioux, que levou a prata. O bronze ficou com a norte-americana Evy Leibfarth. Ontem (17), o paulista Pedro Gon\u00e7alves, mais conhecido como Pep\u00ea,&nbsp;<a href=\"https:\/\/agenciabrasil.ebc.com.br\/esportes\/noticia\/2020-10\/brasileiro-conquista-bronze-inedito-na-copa-do-mundo-de-canoagem\">j\u00e1 havia conquistado o bronze no K1 (caiaque individual).<\/a><img decoding=\"async\" src=\"https:\/\/agenciabrasil.ebc.com.br\/ebc.png?id=1390964&amp;o=node\"><img decoding=\"async\" src=\"https:\/\/agenciabrasil.ebc.com.br\/ebc.gif?id=1390964&amp;o=node\"><\/p>\n\n\n\n<p>\u201cEstou muito contente com o resultado, sair daqui com uma medalha de ouro \u00e9 muito importante pra mim, no s\u00e1bado eu tinha competido pelo K1 e perdi a \u00faltima baliza, superei o erro e coloquei for\u00e7as para buscar esse ouro, as medalhas do Pepe tamb\u00e9m me inspiraram para conquistar essa hoje\u201d, disse a atleta em depoimento ao site da\u00a0<a href=\"http:\/\/www.canoagem.org.br\/imprensa\/noticia\/titulo\/ana_satila_garante_ouro_inedito_na_copa_do_mundo\/paginas_id\/166\/noticias_id\/3525#gsc.tab=0\">Confedera\u00e7\u00e3o Brasileira de Canoagem.<\/a><\/p>\n\n\n\n<p>Esta \u00e9 a primeira competi\u00e7\u00e3o da equipe brasileira, ap\u00f3s paralisa\u00e7\u00e3o das disputas internacionais,&nbsp;em decorr\u00eancia da pandemia do novo coronav\u00edrus (covid-19).&nbsp;Com o ouro deste domingo (18), S\u00e1tila passou a colecionar cinco medalhas em Copas do Mundo: a atleta j\u00e1 tinha duas pratas no K1 e dois bronzes no C1. A atleta tamb\u00e9m competiu ontem (17) no K1: foi a mais r\u00e1pida da prova, mas foi penalizada ao n\u00e3o passar pela pen\u00faltima baliza &#8211; teve um acr\u00e9scimo de 50 seg &#8211;&nbsp; e terminou a prova em nono lugar.&nbsp;<\/p>\n\n\n\n<p>Outros dois brasileiros competiram em Tacen, neste domingo (18). Felipe Borges terminou em 12\u00ba lugar no C1 (canoa individual)&nbsp; e Mathieu Desnos ficou em 17\u00ba lugar na prova do K1 (caiaque individual).<\/p>\n\n\n\n<p>Edi\u00e7\u00e3o: Cl\u00e1udia Soares Rodrigues<\/p>\n","protected":false},"excerpt":{"rendered":"<p>Ela fez o melhor tempo na canoa individual, um dia ap\u00f3s bronze de Pep\u00ea Por<\/p>\n","protected":false},"author":2,"featured_media":3175,"comment_status":"open","ping_status":"open","sticky":false,"template":"","format":"standard","meta":{"footnotes":""},"categories":[20],"tags":[],"class_list":["post-3174","post","type-post","status-publish","format-standard","has-post-thumbnail","hentry","category-esporte"],"_links":{"self":[{"href":"https:\/\/tvc16.com\/portal\/wp-json\/wp\/v2\/posts\/3174","targetHints":{"allow":["GET"]}}],"collection":[{"href":"https:\/\/tvc16.com\/portal\/wp-json\/wp\/v2\/posts"}],"about":[{"href":"https:\/\/tvc16.com\/portal\/wp-json\/wp\/v2\/types\/post"}],"author":[{"embeddable":true,"href":"https:\/\/tvc16.com\/portal\/wp-json\/wp\/v2\/users\/2"}],"replies":[{"embeddable":true,"href":"https:\/\/tvc16.com\/portal\/wp-json\/wp\/v2\/comments?post=3174"}],"version-history":[{"count":1,"href":"https:\/\/tvc16.com\/portal\/wp-json\/wp\/v2\/posts\/3174\/revisions"}],"predecessor-version":[{"id":3176,"href":"https:\/\/tvc16.com\/portal\/wp-json\/wp\/v2\/posts\/3174\/revisions\/3176"}],"wp:featuredmedia":[{"embeddable":true,"href":"https:\/\/tvc16.com\/portal\/wp-json\/wp\/v2\/media\/3175"}],"wp:attachment":[{"href":"https:\/\/tvc16.com\/portal\/wp-json\/wp\/v2\/media?parent=3174"}],"wp:term":[{"taxonomy":"category","embeddable":true,"href":"https:\/\/tvc16.com\/portal\/wp-json\/wp\/v2\/categories?post=3174"},{"taxonomy":"post_tag","embeddable":true,"href":"https:\/\/tvc16.com\/portal\/wp-json\/wp\/v2\/tags?post=3174"}],"curies":[{"name":"wp","href":"https:\/\/api.w.org\/{rel}","templated":true}]}}