{"id":3177,"date":"2020-10-18T21:44:15","date_gmt":"2020-10-18T21:44:15","guid":{"rendered":"https:\/\/tvc16.com\/portal\/?p=3177"},"modified":"2020-10-18T21:44:15","modified_gmt":"2020-10-18T21:44:15","slug":"italia-tem-recorde-de-casos-de-covid-19","status":"publish","type":"post","link":"https:\/\/tvc16.com\/portal\/2020\/10\/18\/italia-tem-recorde-de-casos-de-covid-19\/","title":{"rendered":"It\u00e1lia tem recorde de casos de covid-19"},"content":{"rendered":"\n<h3 class=\"wp-block-heading\">Neste domingo foram notificados 11.705 novos casos<\/h3>\n\n\n\n<h4 class=\"wp-block-heading\">or Elvira Pollina &#8211; Mil\u00e3o<\/h4>\n\n\n\n<figure class=\"wp-block-image\"><a href=\"https:\/\/br.reuters.com\/\" target=\"_blank\" rel=\"noreferrer noopener\"><img decoding=\"async\" src=\"https:\/\/agenciabrasil.ebc.com.br\/sites\/default\/files\/styles\/269x0\/public\/logo_parceiros\/logo_reuters.jpg?itok=1pP189Lc\" alt=\"Reuters\"\/><\/a><\/figure>\n\n\n\n<p>A It\u00e1lia registrou 11.705 novos casos do novo&nbsp;coronav\u00edrus neste domingo (18), informou o Minist\u00e9rio da Sa\u00fade, n\u00famero acima do recorde anterior de 10.925 contabilizado no dia anterior, enquanto o governo prepara novas medidas para combater uma segunda onda da doen\u00e7a.<img decoding=\"async\" src=\"https:\/\/agenciabrasil.ebc.com.br\/ebc.png?id=1390967&amp;o=node\"><img decoding=\"async\" src=\"https:\/\/agenciabrasil.ebc.com.br\/ebc.gif?id=1390967&amp;o=node\"><\/p>\n\n\n\n<p>A It\u00e1lia foi o primeiro pa\u00eds da Europa a ser duramente atingido pela covid-19 e tem o segundo maior n\u00famero de mortos na regi\u00e3o, depois do Reino Unido, com 36.543 \u00f3bitos desde o in\u00edcio do surto em fevereiro, de acordo com dados oficiais.<\/p>\n\n\n\n<p>As autoridades conseguiram manter o cont\u00e1gio sob controle no pa\u00eds at\u00e9 o ver\u00e3o, gra\u00e7as a um bloqueio r\u00edgido de dois meses em todo o pa\u00eds. Mas com o surgimento de uma segunda onda, elas determinaram novas medidas, incluindo o uso obrigat\u00f3rio de m\u00e1scara em p\u00fablico e restri\u00e7\u00f5es a reuni\u00f5es p\u00fablicas e restaurantes.<\/p>\n\n\n\n<p>O primeiro-ministro Giuseppe Conte deve anunciar novas medidas ainda hoje.<\/p>\n","protected":false},"excerpt":{"rendered":"<p>Neste domingo foram notificados 11.705 novos casos or Elvira Pollina &#8211; Mil\u00e3o A It\u00e1lia registrou<\/p>\n","protected":false},"author":2,"featured_media":3178,"comment_status":"open","ping_status":"open","sticky":false,"template":"","format":"standard","meta":{"footnotes":""},"categories":[22],"tags":[],"class_list":["post-3177","post","type-post","status-publish","format-standard","has-post-thumbnail","hentry","category-internacional"],"_links":{"self":[{"href":"https:\/\/tvc16.com\/portal\/wp-json\/wp\/v2\/posts\/3177","targetHints":{"allow":["GET"]}}],"collection":[{"href":"https:\/\/tvc16.com\/portal\/wp-json\/wp\/v2\/posts"}],"about":[{"href":"https:\/\/tvc16.com\/portal\/wp-json\/wp\/v2\/types\/post"}],"author":[{"embeddable":true,"href":"https:\/\/tvc16.com\/portal\/wp-json\/wp\/v2\/users\/2"}],"replies":[{"embeddable":true,"href":"https:\/\/tvc16.com\/portal\/wp-json\/wp\/v2\/comments?post=3177"}],"version-history":[{"count":1,"href":"https:\/\/tvc16.com\/portal\/wp-json\/wp\/v2\/posts\/3177\/revisions"}],"predecessor-version":[{"id":3179,"href":"https:\/\/tvc16.com\/portal\/wp-json\/wp\/v2\/posts\/3177\/revisions\/3179"}],"wp:featuredmedia":[{"embeddable":true,"href":"https:\/\/tvc16.com\/portal\/wp-json\/wp\/v2\/media\/3178"}],"wp:attachment":[{"href":"https:\/\/tvc16.com\/portal\/wp-json\/wp\/v2\/media?parent=3177"}],"wp:term":[{"taxonomy":"category","embeddable":true,"href":"https:\/\/tvc16.com\/portal\/wp-json\/wp\/v2\/categories?post=3177"},{"taxonomy":"post_tag","embeddable":true,"href":"https:\/\/tvc16.com\/portal\/wp-json\/wp\/v2\/tags?post=3177"}],"curies":[{"name":"wp","href":"https:\/\/api.w.org\/{rel}","templated":true}]}}