{"id":3180,"date":"2020-10-18T21:46:49","date_gmt":"2020-10-18T21:46:49","guid":{"rendered":"https:\/\/tvc16.com\/portal\/?p=3180"},"modified":"2020-10-18T21:46:49","modified_gmt":"2020-10-18T21:46:49","slug":"grupos-fazem-tributo-a-professor-frances-decapitado","status":"publish","type":"post","link":"https:\/\/tvc16.com\/portal\/2020\/10\/18\/grupos-fazem-tributo-a-professor-frances-decapitado\/","title":{"rendered":"Grupos fazem tributo a professor franc\u00eas decapitado"},"content":{"rendered":"\n<h3 class=\"wp-block-heading\">Samuel Paty foi morto por suposto isl\u00e2mico<\/h3>\n\n\n\n<h4 class=\"wp-block-heading\">Por Sybille de La Hamaide &#8211; Rep\u00f3rter da Reuters &#8211; Paris<\/h4>\n\n\n\n<figure class=\"wp-block-image\"><a href=\"https:\/\/br.reuters.com\/\" target=\"_blank\" rel=\"noreferrer noopener\"><img decoding=\"async\" src=\"https:\/\/agenciabrasil.ebc.com.br\/sites\/default\/files\/styles\/269x0\/public\/logo_parceiros\/logo_reuters.jpg?itok=1pP189Lc\" alt=\"Reuters\"\/><\/a><\/figure>\n\n\n\n<p>Uma 11\u00aa pessoa foi detida neste domingo (18), disse a pol\u00edcia francesa, enquanto autoridades investigam o assassinato de Samuel Paty, um professor de hist\u00f3ria que foi decapitado por um suposto isl\u00e2mico em um ataque que chocou o pa\u00eds.<img decoding=\"async\" src=\"https:\/\/agenciabrasil.ebc.com.br\/ebc.png?id=1390962&amp;o=node\"><img decoding=\"async\" src=\"https:\/\/agenciabrasil.ebc.com.br\/ebc.gif?id=1390962&amp;o=node\"><\/p>\n\n\n\n<p>A revista sat\u00edrica Charlie Hebdo, cujos escrit\u00f3rios foram atacados em um assassinato em massa h\u00e1 cinco anos, est\u00e1&nbsp;entre os grupos que organizam&nbsp;uma homenagem a Paty em Paris.<\/p>\n\n\n\n<p>O professor, de 47 anos, foi morto na sexta-feira (16), em frente \u00e0 sua escola em um sub\u00farbio de Paris. O agressor &#8211; de 18 anos, nascido na R\u00fassia e de origem chechena &#8211; foi morto a tiros pela pol\u00edcia logo ap\u00f3s o ataque.<\/p>\n\n\n\n<p>O professor havia mostrado a seus alunos neste m\u00eas&nbsp;<em>cartuns<\/em>&nbsp;do profeta Maom\u00e9 em uma aula sobre liberdade de express\u00e3o, irritando v\u00e1rios pais mu\u00e7ulmanos. Os mu\u00e7ulmanos acreditam que qualquer representa\u00e7\u00e3o do profeta \u00e9 blasf\u00eamia.<\/p>\n","protected":false},"excerpt":{"rendered":"<p>Samuel Paty foi morto por suposto isl\u00e2mico Por Sybille de La Hamaide &#8211; Rep\u00f3rter da<\/p>\n","protected":false},"author":2,"featured_media":3181,"comment_status":"open","ping_status":"open","sticky":false,"template":"","format":"standard","meta":{"footnotes":""},"categories":[22],"tags":[],"class_list":["post-3180","post","type-post","status-publish","format-standard","has-post-thumbnail","hentry","category-internacional"],"_links":{"self":[{"href":"https:\/\/tvc16.com\/portal\/wp-json\/wp\/v2\/posts\/3180","targetHints":{"allow":["GET"]}}],"collection":[{"href":"https:\/\/tvc16.com\/portal\/wp-json\/wp\/v2\/posts"}],"about":[{"href":"https:\/\/tvc16.com\/portal\/wp-json\/wp\/v2\/types\/post"}],"author":[{"embeddable":true,"href":"https:\/\/tvc16.com\/portal\/wp-json\/wp\/v2\/users\/2"}],"replies":[{"embeddable":true,"href":"https:\/\/tvc16.com\/portal\/wp-json\/wp\/v2\/comments?post=3180"}],"version-history":[{"count":1,"href":"https:\/\/tvc16.com\/portal\/wp-json\/wp\/v2\/posts\/3180\/revisions"}],"predecessor-version":[{"id":3182,"href":"https:\/\/tvc16.com\/portal\/wp-json\/wp\/v2\/posts\/3180\/revisions\/3182"}],"wp:featuredmedia":[{"embeddable":true,"href":"https:\/\/tvc16.com\/portal\/wp-json\/wp\/v2\/media\/3181"}],"wp:attachment":[{"href":"https:\/\/tvc16.com\/portal\/wp-json\/wp\/v2\/media?parent=3180"}],"wp:term":[{"taxonomy":"category","embeddable":true,"href":"https:\/\/tvc16.com\/portal\/wp-json\/wp\/v2\/categories?post=3180"},{"taxonomy":"post_tag","embeddable":true,"href":"https:\/\/tvc16.com\/portal\/wp-json\/wp\/v2\/tags?post=3180"}],"curies":[{"name":"wp","href":"https:\/\/api.w.org\/{rel}","templated":true}]}}