{"id":3192,"date":"2020-10-18T21:55:27","date_gmt":"2020-10-18T21:55:27","guid":{"rendered":"https:\/\/tvc16.com\/portal\/?p=3192"},"modified":"2020-10-18T21:55:27","modified_gmt":"2020-10-18T21:55:27","slug":"guedes-nega-extensao-de-auxilio-emergencial-em-2021","status":"publish","type":"post","link":"https:\/\/tvc16.com\/portal\/2020\/10\/18\/guedes-nega-extensao-de-auxilio-emergencial-em-2021\/","title":{"rendered":"Guedes nega extens\u00e3o de aux\u00edlio emergencial em 2021"},"content":{"rendered":"\n<h3 class=\"wp-block-heading\">Ministro tamb\u00e9m negou ter desistido de imposto sobre transa\u00e7\u00f5es<\/h3>\n\n\n\n<h4 class=\"wp-block-heading\">Por Wellton M\u00e1ximo \u2013 Rep\u00f3rter da Ag\u00eancia Brasil &#8211; Bras\u00edlia<\/h4>\n\n\n\n<p>Reduzido recentemente para R$ 300 (R$ 600 para m\u00e3es solteiras), o aux\u00edlio emergencial n\u00e3o ser\u00e1 estendido em 2021, disse hoje (16) o ministro da Economia, Paulo Guedes. Ele reiterou que o teto de gastos ser\u00e1 mantido ap\u00f3s o fim do estado de calamidade aprovado neste ano por causa da pandemia de covid-19.<img decoding=\"async\" src=\"https:\/\/agenciabrasil.ebc.com.br\/ebc.png?id=1390884&amp;o=node\"><img decoding=\"async\" src=\"https:\/\/agenciabrasil.ebc.com.br\/ebc.gif?id=1390884&amp;o=node\"><\/p>\n\n\n\n<p>\u201cN\u00e3o h\u00e1 qualquer plano para estender o aux\u00edlio, nenhum. Isso n\u00e3o \u00e9 verdade. Essa n\u00e3o \u00e9 nossa inten\u00e7\u00e3o, n\u00e3o \u00e9 o que o presidente disse. N\u00e3o \u00e9 o que o ministro da Economia quer. De jeito nenhum\u201d, afirmou Guedes em evento virtual promovido por uma corretora de investimentos.<\/p>\n\n\n\n<p>Apesar de reafirmar o compromisso com o teto de gastos, o ministro repetiu declara\u00e7\u00f5es anteriores segundo as quais o&nbsp;<a href=\"https:\/\/agenciabrasil.ebc.com.br\/economia\/noticia\/2020-10\/guedes-defende-inclusao-de-orcamento-de-guerra-no-pacto-federativo\" target=\"_blank\" rel=\"noreferrer noopener\">or\u00e7amento de guerra<\/a>&nbsp;poderia ser retomado caso o pa\u00eds seja novamente atingido por uma pandemia em outro ano. Guedes, no entanto, negou que isso signifique estender o estado de calamidade p\u00fablica indefinidamente.<\/p>\n\n\n\n<p>\u201cQuando a pandemia nos atingiu, n\u00f3s criamos um regime emergencial. Agora, n\u00f3s n\u00e3o podemos utilizar a desculpa do regime emergencial para explodir o teto de gastos\u201d, disse.<\/p>\n\n\n\n<h2 class=\"wp-block-heading\">Novo imposto<\/h2>\n\n\n\n<p>Em rela\u00e7\u00e3o \u00e0 implementa\u00e7\u00e3o de um imposto sobre transa\u00e7\u00f5es, semelhante \u00e0 antiga Contribui\u00e7\u00e3o Provis\u00f3ria sobre Movimenta\u00e7\u00e3o Financeira (CPMF), Guedes negou ter desistido da ideia. Segundo ele, a cria\u00e7\u00e3o do tributo, que cobriria uma desonera\u00e7\u00e3o parcial da folha de pagamentos, \u00e9 essencial para a cria\u00e7\u00e3o de empregos formais. Ontem, o ministro afirmou \u00e0 emissora CNN Brasil que talvez desistiria do novo tributo.<\/p>\n\n\n\n<p>\u201cN\u00e3o me importo se o tributo \u00e9 feio, desde que ele funcione criando novos empregos. \u00c9 necess\u00e1rio. Mas ent\u00e3o eu dei uma informa\u00e7\u00e3o errada ontem, porque \u00e9 esse o sentimento&#8221;, afirmou. \u201cEu n\u00e3o sou um homem de desistir facilmente das coisas\u201d.<\/p>\n\n\n\n<h2 class=\"wp-block-heading\">Recupera\u00e7\u00e3o<\/h2>\n\n\n\n<p>Sobre o desempenho da economia, o ministro repetiu que o Brasil segue uma recupera\u00e7\u00e3o em \u201cV\u201d (forte queda seguida de forte alta), depois da paralisa\u00e7\u00e3o da economia durante boa parte do primeiro semestre provocada pela pandemia de covid-19. Segundo ele, o per\u00edodo p\u00f3s-pandemia exigir\u00e1 compromisso com a responsabilidade fiscal.<\/p>\n\n\n\n<p>\u201cA doen\u00e7a est\u00e1 diminuindo e, \u00e0 medida que diminui, o Brasil est\u00e1 em recupera\u00e7\u00e3o em &#8216;V&#8217;. N\u00f3s devemos ter responsabilidade quanto ao nosso or\u00e7amento e devemos mostrar que somos respons\u00e1veis, e fortes, e resilientes o suficiente para pagar pela nossa guerra, ao inv\u00e9s de rolar [renovar a d\u00edvida] para nossas crian\u00e7as no futuro\u201d, concluiu.<\/p>\n\n\n\n<p>Edi\u00e7\u00e3o: F\u00e1bio Massalli<\/p>\n\n\n\n<p><\/p>\n","protected":false},"excerpt":{"rendered":"<p>Ministro tamb\u00e9m negou ter desistido de imposto sobre transa\u00e7\u00f5es Por Wellton M\u00e1ximo \u2013 Rep\u00f3rter da<\/p>\n","protected":false},"author":2,"featured_media":3193,"comment_status":"open","ping_status":"open","sticky":false,"template":"","format":"standard","meta":{"footnotes":""},"categories":[18],"tags":[],"class_list":["post-3192","post","type-post","status-publish","format-standard","has-post-thumbnail","hentry","category-economia"],"_links":{"self":[{"href":"https:\/\/tvc16.com\/portal\/wp-json\/wp\/v2\/posts\/3192","targetHints":{"allow":["GET"]}}],"collection":[{"href":"https:\/\/tvc16.com\/portal\/wp-json\/wp\/v2\/posts"}],"about":[{"href":"https:\/\/tvc16.com\/portal\/wp-json\/wp\/v2\/types\/post"}],"author":[{"embeddable":true,"href":"https:\/\/tvc16.com\/portal\/wp-json\/wp\/v2\/users\/2"}],"replies":[{"embeddable":true,"href":"https:\/\/tvc16.com\/portal\/wp-json\/wp\/v2\/comments?post=3192"}],"version-history":[{"count":1,"href":"https:\/\/tvc16.com\/portal\/wp-json\/wp\/v2\/posts\/3192\/revisions"}],"predecessor-version":[{"id":3194,"href":"https:\/\/tvc16.com\/portal\/wp-json\/wp\/v2\/posts\/3192\/revisions\/3194"}],"wp:featuredmedia":[{"embeddable":true,"href":"https:\/\/tvc16.com\/portal\/wp-json\/wp\/v2\/media\/3193"}],"wp:attachment":[{"href":"https:\/\/tvc16.com\/portal\/wp-json\/wp\/v2\/media?parent=3192"}],"wp:term":[{"taxonomy":"category","embeddable":true,"href":"https:\/\/tvc16.com\/portal\/wp-json\/wp\/v2\/categories?post=3192"},{"taxonomy":"post_tag","embeddable":true,"href":"https:\/\/tvc16.com\/portal\/wp-json\/wp\/v2\/tags?post=3192"}],"curies":[{"name":"wp","href":"https:\/\/api.w.org\/{rel}","templated":true}]}}