{"id":3195,"date":"2020-10-18T22:00:08","date_gmt":"2020-10-18T22:00:08","guid":{"rendered":"https:\/\/tvc16.com\/portal\/?p=3195"},"modified":"2020-10-18T22:00:08","modified_gmt":"2020-10-18T22:00:08","slug":"camara-tenta-votar-mp-que-facilita-emprestimos-a-empresas","status":"publish","type":"post","link":"https:\/\/tvc16.com\/portal\/2020\/10\/18\/camara-tenta-votar-mp-que-facilita-emprestimos-a-empresas\/","title":{"rendered":"C\u00e2mara tenta votar MP que facilita empr\u00e9stimos a empresas"},"content":{"rendered":"\n<h3 class=\"wp-block-heading\">Atividades virtuais ser\u00e3o retomadas\u00a0ter\u00e7a-feira (20)<\/h3>\n\n\n\n<h4 class=\"wp-block-heading\">Por Helo\u00edsa Cristaldo &#8211; Rep\u00f3rter da Ag\u00eancia Brasil &#8211; Bras\u00edlia<\/h4>\n\n\n\n<p>A C\u00e2mara dos Deputados retoma as atividades virtuais&nbsp;ter\u00e7a-feira (20), a partir das 13h55, para analisar a Medida Provis\u00f3ria 992\/20, que cria o Programa de Capital de Giro para Preserva\u00e7\u00e3o de Empresas (CGPE). A medida propicia \u00e0s microempresas e empresas de pequeno e m\u00e9dio portes melhores condi\u00e7\u00f5es para a obten\u00e7\u00e3o de cr\u00e9dito nas institui\u00e7\u00f5es financeiras em raz\u00e3o da pandemia de covid-19.<img decoding=\"async\" src=\"https:\/\/agenciabrasil.ebc.com.br\/ebc.png?id=1390949&amp;o=node\"><img decoding=\"async\" src=\"https:\/\/agenciabrasil.ebc.com.br\/ebc.gif?id=1390949&amp;o=node\"><\/p>\n\n\n\n<p>Em&nbsp;<a href=\"https:\/\/agenciabrasil.ebc.com.br\/economia\/noticia\/2020-07\/cmn-regulamenta-programa-de-credito-para-preservacao-de-empresas\" target=\"_blank\" rel=\"noreferrer noopener\">regulamenta\u00e7\u00e3o<\/a>&nbsp;aprovada pelo Conselho Monet\u00e1rio Nacional (CMN), o cr\u00e9dito concedido pelas institui\u00e7\u00f5es credoras do CGPE ser\u00e1 destinado exclusivamente ao capital de giro das empresas, tendo prazo m\u00ednimo de 36 meses, bem como car\u00eancia m\u00ednima de seis meses para o in\u00edcio da amortiza\u00e7\u00e3o da d\u00edvida. Pelo menos 80% do programa ser\u00e3o direcionados a empresas menores, com receita bruta anual de at\u00e9 R$ 100 milh\u00f5es.&nbsp;<\/p>\n\n\n\n<p>Tamb\u00e9m est\u00e1 na pauta a MP 993\/20, que renova 27 contratos de pessoal do Instituto Nacional de Coloniza\u00e7\u00e3o e Reforma Agr\u00e1ria (Incra) at\u00e9&nbsp;28 de julho&nbsp;de 2023. Outro projeto em an\u00e1lise ser\u00e1 o PL 4199\/20, que libera progressivamente o uso de navios estrangeiros na navega\u00e7\u00e3o de cabotagem (entre portos nacionais), sem a obriga\u00e7\u00e3o de contratar a constru\u00e7\u00e3o de embarca\u00e7\u00f5es em estaleiros brasileiros.&nbsp;<\/p>\n\n\n\n<h2 class=\"wp-block-heading\">Obstru\u00e7\u00e3o<\/h2>\n\n\n\n<p>L\u00edderes de partidos de oposi\u00e7\u00e3o anunciaram que continuar\u00e3o a obstruir os trabalhos at\u00e9 que seja pautada a Medida Provis\u00f3ria 1000\/20, que prorroga o aux\u00edlio emergencial at\u00e9 dezembro com o valor de R$ 300 mensais. A oposi\u00e7\u00e3o tem articulado para que o governo mantenha o valor de R$ 600 at\u00e9 o fim do ano.<\/p>\n\n\n\n<p>&#8220;Estamos entrando em obstru\u00e7\u00e3o pol\u00edtica. O governo faz tudo para deixar a medida provis\u00f3ria caducar porque ela j\u00e1 est\u00e1 com seus efeitos sendo realizados. O governo n\u00e3o quer votar a medida provis\u00f3ria. N\u00e3o aceitaremos votar nada se n\u00e3o entrar em pauta a MP 1000, do aux\u00edlio emergencial, em respeito ao pa\u00eds&#8221;, disse o l\u00edder da minoria, Jos\u00e9 Guimar\u00e3es (PT-CE).<\/p>\n\n\n\n<p>Na sess\u00e3o anterior, no in\u00edcio do m\u00eas, os trabalhos j\u00e1 haviam sido&nbsp;<a href=\"https:\/\/agenciabrasil.ebc.com.br\/politica\/noticia\/2020-10\/camara-cancela-sessao-apos-obstrucao-de-partidos\" target=\"_blank\" rel=\"noreferrer noopener\">inviabilizados pela obstru\u00e7\u00e3o<\/a>. Na ocasi\u00e3o, partidos da base tamb\u00e9m aderiram ao recurso por ainda n\u00e3o&nbsp;ter&nbsp;sido instalada a Comiss\u00e3o Mista de Or\u00e7amento (CMO). Essa instala\u00e7\u00e3o tem sido adiada em busca de um acordo sobre a distribui\u00e7\u00e3o de vagas entre os deputados, a pedido de l\u00edderes partid\u00e1rios da C\u00e2mara.<\/p>\n\n\n\n<p>Ainda n\u00e3o h\u00e1 data para a elei\u00e7\u00e3o do presidente do colegiado e para a indica\u00e7\u00e3o dos relatores dos projetos da Lei de Diretrizes Or\u00e7ament\u00e1rias (PLN 9\/2020) e da Lei Or\u00e7ament\u00e1ria Anual (PLN 28\/2020).&nbsp;<\/p>\n\n\n\n<p>Edi\u00e7\u00e3o: Gra\u00e7a Adjuto<\/p>\n","protected":false},"excerpt":{"rendered":"<p>Atividades virtuais ser\u00e3o retomadas\u00a0ter\u00e7a-feira (20) Por Helo\u00edsa Cristaldo &#8211; Rep\u00f3rter da Ag\u00eancia Brasil &#8211; Bras\u00edlia<\/p>\n","protected":false},"author":2,"featured_media":3196,"comment_status":"open","ping_status":"open","sticky":false,"template":"","format":"standard","meta":{"footnotes":""},"categories":[15],"tags":[],"class_list":["post-3195","post","type-post","status-publish","format-standard","has-post-thumbnail","hentry","category-politica"],"_links":{"self":[{"href":"https:\/\/tvc16.com\/portal\/wp-json\/wp\/v2\/posts\/3195","targetHints":{"allow":["GET"]}}],"collection":[{"href":"https:\/\/tvc16.com\/portal\/wp-json\/wp\/v2\/posts"}],"about":[{"href":"https:\/\/tvc16.com\/portal\/wp-json\/wp\/v2\/types\/post"}],"author":[{"embeddable":true,"href":"https:\/\/tvc16.com\/portal\/wp-json\/wp\/v2\/users\/2"}],"replies":[{"embeddable":true,"href":"https:\/\/tvc16.com\/portal\/wp-json\/wp\/v2\/comments?post=3195"}],"version-history":[{"count":1,"href":"https:\/\/tvc16.com\/portal\/wp-json\/wp\/v2\/posts\/3195\/revisions"}],"predecessor-version":[{"id":3197,"href":"https:\/\/tvc16.com\/portal\/wp-json\/wp\/v2\/posts\/3195\/revisions\/3197"}],"wp:featuredmedia":[{"embeddable":true,"href":"https:\/\/tvc16.com\/portal\/wp-json\/wp\/v2\/media\/3196"}],"wp:attachment":[{"href":"https:\/\/tvc16.com\/portal\/wp-json\/wp\/v2\/media?parent=3195"}],"wp:term":[{"taxonomy":"category","embeddable":true,"href":"https:\/\/tvc16.com\/portal\/wp-json\/wp\/v2\/categories?post=3195"},{"taxonomy":"post_tag","embeddable":true,"href":"https:\/\/tvc16.com\/portal\/wp-json\/wp\/v2\/tags?post=3195"}],"curies":[{"name":"wp","href":"https:\/\/api.w.org\/{rel}","templated":true}]}}