{"id":3198,"date":"2020-10-18T22:02:03","date_gmt":"2020-10-18T22:02:03","guid":{"rendered":"https:\/\/tvc16.com\/portal\/?p=3198"},"modified":"2020-10-18T22:02:03","modified_gmt":"2020-10-18T22:02:03","slug":"fux-marca-para-quarta-feira-julgamento-sobre-afastamento-de-senador","status":"publish","type":"post","link":"https:\/\/tvc16.com\/portal\/2020\/10\/18\/fux-marca-para-quarta-feira-julgamento-sobre-afastamento-de-senador\/","title":{"rendered":"Fux marca para quarta-feira julgamento sobre afastamento de senador"},"content":{"rendered":"\n<h3 class=\"wp-block-heading\">Chico Rodrigues foi alvo da Opera\u00e7\u00e3o Desvid-19<\/h3>\n\n\n\n<h4 class=\"wp-block-heading\">Por Andr\u00e9 Richter &#8211; Rep\u00f3rter da Ag\u00eancia Brasil &#8211; Bras\u00edlia<\/h4>\n\n\n\n<p>O presidente do Supremo Tribunal Federal (STF), ministro Luix Fux, marcou para quarta-feira (21) o julgamento sobre o afastamento do senador Chico Rodrigues (DEM-RR) do cargo. Ap\u00f3s a decis\u00e3o que for tomada pela Corte, o Senado ainda precisar\u00e1 referendar a posi\u00e7\u00e3o do colegiado.&nbsp;<img decoding=\"async\" src=\"https:\/\/agenciabrasil.ebc.com.br\/ebc.png?id=1390879&amp;o=node\"><img decoding=\"async\" src=\"https:\/\/agenciabrasil.ebc.com.br\/ebc.gif?id=1390879&amp;o=node\"><\/p>\n\n\n\n<p>Mais cedo, o relator do caso, Lu\u00eds Roberto Barroso, decidiu submeter sua decis\u00e3o individual ao plen\u00e1rio. Ontem (15), Barroso<a href=\"https:\/\/agenciabrasil.ebc.com.br\/justica\/noticia\/2020-10\/barroso-determina-afastamento-de-chico-rodrigues-do-cargo-de-senador\" target=\"_blank\" rel=\"noreferrer noopener\">&nbsp;afastou o parlamentar<\/a>&nbsp;do cargo por 90 dias para n\u00e3o atrapalhar as investiga\u00e7\u00f5es da Pol\u00edcia Federal (PF).&nbsp;<\/p>\n\n\n\n<p>Na quarta-feira (14), Chico Rodrigues foi alvo da Opera\u00e7\u00e3o Desvid-19, que investiga supostos desvios de aproximadamente R$ 20 milh\u00f5es em recursos p\u00fablicos provenientes de emendas parlamentares que seriam destinados \u00e0 Secretaria de Sa\u00fade de Roraima para o combate \u00e0 pandemia de covid-19. Rodrigues foi um dos alvos da a\u00e7\u00e3o e, durante as buscas e apreens\u00f5es em Boa Vista, os agentes encontraram ma\u00e7os de dinheiro sua roupa \u00edntima.&nbsp;<\/p>\n\n\n\n<p>Ontem, em nota na qual pediu afastamento da vice-lideran\u00e7a do governo na Casa, o senador declarou que tudo ser\u00e1 esclarecido e que n\u00e3o tem nada a ver com \u201cqualquer ato il\u00edcito de qualquer natureza&#8221;.&nbsp;<\/p>\n\n\n\n<p>Edi\u00e7\u00e3o: N\u00e1dia Franco<\/p>\n","protected":false},"excerpt":{"rendered":"<p>Chico Rodrigues foi alvo da Opera\u00e7\u00e3o Desvid-19 Por Andr\u00e9 Richter &#8211; Rep\u00f3rter da Ag\u00eancia Brasil<\/p>\n","protected":false},"author":2,"featured_media":3199,"comment_status":"open","ping_status":"open","sticky":false,"template":"","format":"standard","meta":{"footnotes":""},"categories":[14],"tags":[],"class_list":["post-3198","post","type-post","status-publish","format-standard","has-post-thumbnail","hentry","category-pais"],"_links":{"self":[{"href":"https:\/\/tvc16.com\/portal\/wp-json\/wp\/v2\/posts\/3198","targetHints":{"allow":["GET"]}}],"collection":[{"href":"https:\/\/tvc16.com\/portal\/wp-json\/wp\/v2\/posts"}],"about":[{"href":"https:\/\/tvc16.com\/portal\/wp-json\/wp\/v2\/types\/post"}],"author":[{"embeddable":true,"href":"https:\/\/tvc16.com\/portal\/wp-json\/wp\/v2\/users\/2"}],"replies":[{"embeddable":true,"href":"https:\/\/tvc16.com\/portal\/wp-json\/wp\/v2\/comments?post=3198"}],"version-history":[{"count":1,"href":"https:\/\/tvc16.com\/portal\/wp-json\/wp\/v2\/posts\/3198\/revisions"}],"predecessor-version":[{"id":3200,"href":"https:\/\/tvc16.com\/portal\/wp-json\/wp\/v2\/posts\/3198\/revisions\/3200"}],"wp:featuredmedia":[{"embeddable":true,"href":"https:\/\/tvc16.com\/portal\/wp-json\/wp\/v2\/media\/3199"}],"wp:attachment":[{"href":"https:\/\/tvc16.com\/portal\/wp-json\/wp\/v2\/media?parent=3198"}],"wp:term":[{"taxonomy":"category","embeddable":true,"href":"https:\/\/tvc16.com\/portal\/wp-json\/wp\/v2\/categories?post=3198"},{"taxonomy":"post_tag","embeddable":true,"href":"https:\/\/tvc16.com\/portal\/wp-json\/wp\/v2\/tags?post=3198"}],"curies":[{"name":"wp","href":"https:\/\/api.w.org\/{rel}","templated":true}]}}