{"id":3204,"date":"2020-10-18T22:11:46","date_gmt":"2020-10-18T22:11:46","guid":{"rendered":"https:\/\/tvc16.com\/portal\/?p=3204"},"modified":"2020-10-18T22:11:46","modified_gmt":"2020-10-18T22:11:46","slug":"estipular-horarios-para-uso-das-telas-e-essencial-livros-digitais-sao-boas-opcoes-de-aproveitamento","status":"publish","type":"post","link":"https:\/\/tvc16.com\/portal\/2020\/10\/18\/estipular-horarios-para-uso-das-telas-e-essencial-livros-digitais-sao-boas-opcoes-de-aproveitamento\/","title":{"rendered":"Estipular hor\u00e1rios para uso das telas \u00e9 essencial; livros digitais s\u00e3o boas op\u00e7\u00f5es de aproveitamento"},"content":{"rendered":"\n<p>As telas de computadores, tablets e celulares sempre fascinaram a crian\u00e7ada com suas cores, sons e interatividade. Com a chegada da pandemia devido ao novo coronav\u00edrus, o que fez com que se passasse mais tempo em casa, se questiona muito o tempo ideal para que a garotada fa\u00e7a uso do mundo virtual. Hoje, por exemplo, os aparelhos m\u00f3veis j\u00e1 se tornaram essenciais, inclusive para assistir \u00e0s aulas on-line.<br>\u00a0<\/p>\n\n\n\n<p>Segundo a Sociedade Brasileira de Pediatria, o uso de telas por parte das crian\u00e7as precisa ter controle rigoroso por parte dos pais. A recomenda\u00e7\u00e3o sobre o tempo que os pequenos passam em frente a celulares, tablets, TVs e computadores varia conforme a idade: crian\u00e7as menores de 2 anos n\u00e3o devem ser expostas a nenhum tipo de tela; de 2 a 5 devem ter acesso aos eletr\u00f4nicos durante uma hora por dia; de 6 a 10 anos, no m\u00e1ximo duas horas ao dia; acima de 10 anos e adolescentes, o limite \u00e9 de tr\u00eas horas. De acordo com a pedagoga de plataforma de livros personaliz\u00e1veis Claudia Onofre, a tecnologia n\u00e3o deve ser tratada como inimiga, pois, se usada com modera\u00e7\u00e3o, pode contribuir de forma positiva para o desenvolvimento infantil, principalmente em tempos de pandemia.<br>\u00a0<\/p>\n\n\n\n<p>Para o\u00a0 book advisor (profissional respons\u00e1vel por acompanhar o autor do in\u00edcio ao fim do projeto editorial) Eduardo Villela, a exposi\u00e7\u00e3o aos aparelhos digitais muito cedo na vida dos pequenos pode prejudicar algumas habilidades, como, por exemplo, a socializa\u00e7\u00e3o, uma vez que a crian\u00e7a passa mais tempo no aparelho e esquece de interagir com a fam\u00edlia. \u201cO livro, al\u00e9m de ajudar no desenvolvimento das habilidades cognitivas, tamb\u00e9m fortalece o v\u00ednculo entre pais e filhos. Fazer a crian\u00e7a se interessar pela leitura pode ser tarefa desafiadora. Para incentivar a leitura em crian\u00e7as que mostram grande interesse em tecnologia e n\u00e3o gostam tanto de ler no tradicional livro de papel, uma op\u00e7\u00e3o s\u00e3o os digitais.\u201d<\/p>\n\n\n\n<p>FONTE: DI\u00c1RIO DO GRANDE ABC<\/p>\n","protected":false},"excerpt":{"rendered":"<p>As telas de computadores, tablets e celulares sempre fascinaram a crian\u00e7ada com suas cores, sons<\/p>\n","protected":false},"author":2,"featured_media":3205,"comment_status":"open","ping_status":"open","sticky":false,"template":"","format":"standard","meta":{"footnotes":""},"categories":[16],"tags":[],"class_list":["post-3204","post","type-post","status-publish","format-standard","has-post-thumbnail","hentry","category-colunistas"],"_links":{"self":[{"href":"https:\/\/tvc16.com\/portal\/wp-json\/wp\/v2\/posts\/3204","targetHints":{"allow":["GET"]}}],"collection":[{"href":"https:\/\/tvc16.com\/portal\/wp-json\/wp\/v2\/posts"}],"about":[{"href":"https:\/\/tvc16.com\/portal\/wp-json\/wp\/v2\/types\/post"}],"author":[{"embeddable":true,"href":"https:\/\/tvc16.com\/portal\/wp-json\/wp\/v2\/users\/2"}],"replies":[{"embeddable":true,"href":"https:\/\/tvc16.com\/portal\/wp-json\/wp\/v2\/comments?post=3204"}],"version-history":[{"count":1,"href":"https:\/\/tvc16.com\/portal\/wp-json\/wp\/v2\/posts\/3204\/revisions"}],"predecessor-version":[{"id":3206,"href":"https:\/\/tvc16.com\/portal\/wp-json\/wp\/v2\/posts\/3204\/revisions\/3206"}],"wp:featuredmedia":[{"embeddable":true,"href":"https:\/\/tvc16.com\/portal\/wp-json\/wp\/v2\/media\/3205"}],"wp:attachment":[{"href":"https:\/\/tvc16.com\/portal\/wp-json\/wp\/v2\/media?parent=3204"}],"wp:term":[{"taxonomy":"category","embeddable":true,"href":"https:\/\/tvc16.com\/portal\/wp-json\/wp\/v2\/categories?post=3204"},{"taxonomy":"post_tag","embeddable":true,"href":"https:\/\/tvc16.com\/portal\/wp-json\/wp\/v2\/tags?post=3204"}],"curies":[{"name":"wp","href":"https:\/\/api.w.org\/{rel}","templated":true}]}}