{"id":3207,"date":"2020-10-19T16:37:05","date_gmt":"2020-10-19T16:37:05","guid":{"rendered":"https:\/\/tvc16.com\/portal\/?p=3207"},"modified":"2020-10-19T16:37:05","modified_gmt":"2020-10-19T16:37:05","slug":"estabelecimentos-ficam-fechados-no-dia-do-comerciario","status":"publish","type":"post","link":"https:\/\/tvc16.com\/portal\/2020\/10\/19\/estabelecimentos-ficam-fechados-no-dia-do-comerciario\/","title":{"rendered":"Estabelecimentos ficam fechados no Dia do Comerci\u00e1rio"},"content":{"rendered":"\n<p>Apesar de ter sido divulgado algumas pessoas n\u00e3o entenderam o motivo do com\u00e9rcio estar fechado nesta segunda-feira (19). Isso ocorre devido ao Dia do Comerci\u00e1rio comemorado hoje. A n\u00e3o abertura dos estabelecimentos est\u00e1 prevista na conven\u00e7\u00e3o coletiva da categoria. Apenas as farm\u00e1cias est\u00e3o atendendo os clientes por serem consideradas servi\u00e7o essencial. Na ter\u00e7a-feira os servi\u00e7os voltam a ser realizados normalmente.<\/p>\n","protected":false},"excerpt":{"rendered":"<p>Apesar de ter sido divulgado algumas pessoas n\u00e3o entenderam o motivo do com\u00e9rcio estar fechado<\/p>\n","protected":false},"author":2,"featured_media":3211,"comment_status":"open","ping_status":"open","sticky":false,"template":"","format":"standard","meta":{"footnotes":""},"categories":[12],"tags":[],"class_list":["post-3207","post","type-post","status-publish","format-standard","has-post-thumbnail","hentry","category-cidade"],"_links":{"self":[{"href":"https:\/\/tvc16.com\/portal\/wp-json\/wp\/v2\/posts\/3207","targetHints":{"allow":["GET"]}}],"collection":[{"href":"https:\/\/tvc16.com\/portal\/wp-json\/wp\/v2\/posts"}],"about":[{"href":"https:\/\/tvc16.com\/portal\/wp-json\/wp\/v2\/types\/post"}],"author":[{"embeddable":true,"href":"https:\/\/tvc16.com\/portal\/wp-json\/wp\/v2\/users\/2"}],"replies":[{"embeddable":true,"href":"https:\/\/tvc16.com\/portal\/wp-json\/wp\/v2\/comments?post=3207"}],"version-history":[{"count":1,"href":"https:\/\/tvc16.com\/portal\/wp-json\/wp\/v2\/posts\/3207\/revisions"}],"predecessor-version":[{"id":3212,"href":"https:\/\/tvc16.com\/portal\/wp-json\/wp\/v2\/posts\/3207\/revisions\/3212"}],"wp:featuredmedia":[{"embeddable":true,"href":"https:\/\/tvc16.com\/portal\/wp-json\/wp\/v2\/media\/3211"}],"wp:attachment":[{"href":"https:\/\/tvc16.com\/portal\/wp-json\/wp\/v2\/media?parent=3207"}],"wp:term":[{"taxonomy":"category","embeddable":true,"href":"https:\/\/tvc16.com\/portal\/wp-json\/wp\/v2\/categories?post=3207"},{"taxonomy":"post_tag","embeddable":true,"href":"https:\/\/tvc16.com\/portal\/wp-json\/wp\/v2\/tags?post=3207"}],"curies":[{"name":"wp","href":"https:\/\/api.w.org\/{rel}","templated":true}]}}