{"id":3217,"date":"2020-10-19T19:26:34","date_gmt":"2020-10-19T19:26:34","guid":{"rendered":"https:\/\/tvc16.com\/portal\/?p=3217"},"modified":"2020-10-19T19:26:34","modified_gmt":"2020-10-19T19:26:34","slug":"bonde-de-santa-teresa-circulara-com-intervalos-reduzidos","status":"publish","type":"post","link":"https:\/\/tvc16.com\/portal\/2020\/10\/19\/bonde-de-santa-teresa-circulara-com-intervalos-reduzidos\/","title":{"rendered":"Bonde de Santa Teresa circular\u00e1 com intervalos reduzidos"},"content":{"rendered":"\n<p><br>Dando prosseguimento aos ajustes nas opera\u00e7\u00f5es dos transportes, a partir desta ter\u00e7a-feira (20\/10), o Bonde de Santa Teresa passar\u00e1 a circular com oferta ampliada e intervalos de meia hora. A opera\u00e7\u00e3o \u00e9 realizada entre Largo da Carioca &#8211; Dois Irm\u00e3os, a partir das 8h (segunda a sexta) e a partir das 10h (s\u00e1bados, domingos e feriados).<\/p>\n\n\n\n<p>Apenas no hor\u00e1rio das 11h \u00e0s 13h ser\u00e1 mantido o intervalo de uma hora. O \u00faltimo embarque na esta\u00e7\u00e3o Carioca ocorre \u00e0s 15h e o encerramento da circula\u00e7\u00e3o, \u00e0s 16h.<\/p>\n\n\n\n<p>Por conta da pandemia, a Central Log\u00edstica, empresa respons\u00e1vel pela opera\u00e7\u00e3o do sistema, afastou os funcion\u00e1rios que se enquadram no grupo de risco, incluindo os motorneiros, de suas fun\u00e7\u00f5es. Com a melhora dos \u00edndices de contamina\u00e7\u00e3o no estado e o retorno dos profissionais \u00e0s atividades, o objetivo \u00e9 retomar, de forma gradual, a grade operacional anterior \u00e0 pandemia.<\/p>\n\n\n\n<p>Vale ressaltar que os protocolos de seguran\u00e7a elaborados pela Secretaria de Sa\u00fade s\u00e3o seguidos rigorosamente. Al\u00e9m da higieniza\u00e7\u00e3o di\u00e1ria dos Bondes, h\u00e1 \u00e1lcool em gel 70% nas depend\u00eancias do sistema. A lota\u00e7\u00e3o m\u00e1xima permitida em cada bonde \u00e9 de 16 passageiros (50% da capacidade), e o uso de m\u00e1scara de prote\u00e7\u00e3o \u00e9 obrigat\u00f3rio.<\/p>\n","protected":false},"excerpt":{"rendered":"<p>Dando prosseguimento aos ajustes nas opera\u00e7\u00f5es dos transportes, a partir desta ter\u00e7a-feira (20\/10), o Bonde<\/p>\n","protected":false},"author":2,"featured_media":3218,"comment_status":"open","ping_status":"open","sticky":false,"template":"","format":"standard","meta":{"footnotes":""},"categories":[17],"tags":[],"class_list":["post-3217","post","type-post","status-publish","format-standard","has-post-thumbnail","hentry","category-outras-noticias"],"_links":{"self":[{"href":"https:\/\/tvc16.com\/portal\/wp-json\/wp\/v2\/posts\/3217","targetHints":{"allow":["GET"]}}],"collection":[{"href":"https:\/\/tvc16.com\/portal\/wp-json\/wp\/v2\/posts"}],"about":[{"href":"https:\/\/tvc16.com\/portal\/wp-json\/wp\/v2\/types\/post"}],"author":[{"embeddable":true,"href":"https:\/\/tvc16.com\/portal\/wp-json\/wp\/v2\/users\/2"}],"replies":[{"embeddable":true,"href":"https:\/\/tvc16.com\/portal\/wp-json\/wp\/v2\/comments?post=3217"}],"version-history":[{"count":1,"href":"https:\/\/tvc16.com\/portal\/wp-json\/wp\/v2\/posts\/3217\/revisions"}],"predecessor-version":[{"id":3219,"href":"https:\/\/tvc16.com\/portal\/wp-json\/wp\/v2\/posts\/3217\/revisions\/3219"}],"wp:featuredmedia":[{"embeddable":true,"href":"https:\/\/tvc16.com\/portal\/wp-json\/wp\/v2\/media\/3218"}],"wp:attachment":[{"href":"https:\/\/tvc16.com\/portal\/wp-json\/wp\/v2\/media?parent=3217"}],"wp:term":[{"taxonomy":"category","embeddable":true,"href":"https:\/\/tvc16.com\/portal\/wp-json\/wp\/v2\/categories?post=3217"},{"taxonomy":"post_tag","embeddable":true,"href":"https:\/\/tvc16.com\/portal\/wp-json\/wp\/v2\/tags?post=3217"}],"curies":[{"name":"wp","href":"https:\/\/api.w.org\/{rel}","templated":true}]}}