{"id":3223,"date":"2020-10-19T19:30:52","date_gmt":"2020-10-19T19:30:52","guid":{"rendered":"https:\/\/tvc16.com\/portal\/?p=3223"},"modified":"2020-10-19T19:30:52","modified_gmt":"2020-10-19T19:30:52","slug":"maia-quer-aprovar-pec-emergencial-antes-do-orcamento-de-2021","status":"publish","type":"post","link":"https:\/\/tvc16.com\/portal\/2020\/10\/19\/maia-quer-aprovar-pec-emergencial-antes-do-orcamento-de-2021\/","title":{"rendered":"Maia quer aprovar PEC Emergencial antes do Or\u00e7amento de 2021"},"content":{"rendered":"\n<p>O presidente da C\u00e2mara, Rodrigo Maia (DEM-RJ), afirmou que a PEC Emergencial precisa ser aprovada antes do Or\u00e7amento de 2021. Para ele deve ser prioridade do Congresso votar ainda este ano a proposta para reequilibrar as finan\u00e7as do Estado.<br><br>Com o calend\u00e1rio apertado por causa das elei\u00e7\u00f5es municipais e da necessidade de cumprir os prazos regimentais, Maia prev\u00ea que as vota\u00e7\u00f5es devem ocorrer entre o Natal e o Ano Novo, ou ent\u00e3o ser\u00e1 necess\u00e1rio prosseguir com uma autoconvoca\u00e7\u00e3o do Congresso em janeiro.<\/p>\n\n\n\n<p><a href=\"https:\/\/brasil61.com\/noticias\/impasse-em-instalacao-de-comissao-pode-prejudicar-votacao-do-orcamento-da-uniao-para-2021-bras202215\"><strong>Impasse em instala\u00e7\u00e3o de Comiss\u00e3o pode prejudicar vota\u00e7\u00e3o do Or\u00e7amento da Uni\u00e3o para 2021&nbsp;<\/strong><\/a><\/p>\n\n\n\n<p><a href=\"https:\/\/brasil61.com\/noticias\/projeto-de-lei-que-parcela-dividas-tributarias-a-nivel-federal-deve-beneficiar-industria-gaucha-pind202215\"><strong>Projeto de Lei que parcela d\u00edvidas tribut\u00e1rias a n\u00edvel federal deve beneficiar ind\u00fastria ga\u00facha<\/strong><\/a><br><br>Segundo Rodrigo Maia, se o Congresso abrir m\u00e3o do recesso de janeiro, a sucess\u00e3o da presid\u00eancia da C\u00e2mara e do Senado n\u00e3o deve ser prejudicada. No entanto, ele alertou que a elei\u00e7\u00e3o para a Mesa deve ser misturada com os debates da agenda legislativa.<br>&nbsp;<br>Apoiando o prosseguimento da agenda econ\u00f4mica, Maia definiu como imposs\u00edvel a aprova\u00e7\u00e3o do Or\u00e7amento sem PEC Emergencial. Segundo ele, seria um risco para o governo, pois fora do teto de gastos as outras quest\u00f5es n\u00e3o podem ser resolvidas.<\/p>\n\n\n\n<p>Fonte: <a href=\"https:\/\/brasil61.com\/noticias\/maia-quer-aprovar-pec-emergencial-antes-do-orcamento-de-2021-bras202268?email=bethdeoliveira@yahoo.com.br&amp;utm_source=newsletter&amp;utm_medium=newsletter&amp;utm_campaign=newsletter\" target=\"_blank\" rel=\"noreferrer noopener\">Brasil 61<\/a><\/p>\n","protected":false},"excerpt":{"rendered":"<p>O presidente da C\u00e2mara, Rodrigo Maia (DEM-RJ), afirmou que a PEC Emergencial precisa ser aprovada<\/p>\n","protected":false},"author":2,"featured_media":3225,"comment_status":"open","ping_status":"open","sticky":false,"template":"","format":"standard","meta":{"footnotes":""},"categories":[17],"tags":[],"class_list":["post-3223","post","type-post","status-publish","format-standard","has-post-thumbnail","hentry","category-outras-noticias"],"_links":{"self":[{"href":"https:\/\/tvc16.com\/portal\/wp-json\/wp\/v2\/posts\/3223","targetHints":{"allow":["GET"]}}],"collection":[{"href":"https:\/\/tvc16.com\/portal\/wp-json\/wp\/v2\/posts"}],"about":[{"href":"https:\/\/tvc16.com\/portal\/wp-json\/wp\/v2\/types\/post"}],"author":[{"embeddable":true,"href":"https:\/\/tvc16.com\/portal\/wp-json\/wp\/v2\/users\/2"}],"replies":[{"embeddable":true,"href":"https:\/\/tvc16.com\/portal\/wp-json\/wp\/v2\/comments?post=3223"}],"version-history":[{"count":1,"href":"https:\/\/tvc16.com\/portal\/wp-json\/wp\/v2\/posts\/3223\/revisions"}],"predecessor-version":[{"id":3226,"href":"https:\/\/tvc16.com\/portal\/wp-json\/wp\/v2\/posts\/3223\/revisions\/3226"}],"wp:featuredmedia":[{"embeddable":true,"href":"https:\/\/tvc16.com\/portal\/wp-json\/wp\/v2\/media\/3225"}],"wp:attachment":[{"href":"https:\/\/tvc16.com\/portal\/wp-json\/wp\/v2\/media?parent=3223"}],"wp:term":[{"taxonomy":"category","embeddable":true,"href":"https:\/\/tvc16.com\/portal\/wp-json\/wp\/v2\/categories?post=3223"},{"taxonomy":"post_tag","embeddable":true,"href":"https:\/\/tvc16.com\/portal\/wp-json\/wp\/v2\/tags?post=3223"}],"curies":[{"name":"wp","href":"https:\/\/api.w.org\/{rel}","templated":true}]}}