{"id":3228,"date":"2020-10-19T19:32:46","date_gmt":"2020-10-19T19:32:46","guid":{"rendered":"https:\/\/tvc16.com\/portal\/?p=3228"},"modified":"2020-10-19T19:32:46","modified_gmt":"2020-10-19T19:32:46","slug":"cns-se-une-a-estados-para-cobrar-manutencao-do-piso-emergencial-para-combate-a-pandemia","status":"publish","type":"post","link":"https:\/\/tvc16.com\/portal\/2020\/10\/19\/cns-se-une-a-estados-para-cobrar-manutencao-do-piso-emergencial-para-combate-a-pandemia\/","title":{"rendered":"CNS se une a estados para cobrar manuten\u00e7\u00e3o do piso emergencial para combate \u00e0 pandemia"},"content":{"rendered":"\n<p>O Conselho Nacional de Sa\u00fade (CNS) se reuniu com as 27 representa\u00e7\u00f5es dos Conselhos Estaduais de Sa\u00fade (CES) e do Distrito Federal para pressionar o parlamento para a manuten\u00e7\u00e3o do piso emergencial de R$ 35 bilh\u00f5es direcionados ao Sistema \u00danico de Sa\u00fade (SUS) para o combate a pandemia da Covid-19 em 2021.<br>&nbsp;<br>Em abril e maio deste ano, o CNS realizou cinco reuni\u00f5es regionais para orientar acerca das a\u00e7\u00f5es do controle social diante da pandemia. A iniciativa de unir todas as unidades da federa\u00e7\u00e3o visa o fortalecimento da Rede Conselhos, que tamb\u00e9m contempla conselhos municipais.<\/p>\n\n\n\n<p><a href=\"https:\/\/brasil61.com\/noticias\/quase-um-terco-dos-estados-ainda-nao-publica-informacoes-sobre-contagio-da-covid-19-em-unidades-prisionais-aponta-estudo-bras202226\"><strong>Quase um ter\u00e7o dos estados ainda n\u00e3o publica informa\u00e7\u00f5es sobre cont\u00e1gio da Covid-19 em unidades prisionais, aponta estudo<\/strong><\/a><\/p>\n\n\n\n<p><a href=\"https:\/\/brasil61.com\/noticias\/quase-um-terco-dos-estados-ainda-nao-publica-informacoes-sobre-contagio-da-covid-19-em-unidades-prisionais-aponta-estudo-bras202226\"><strong>Portaria atualiza repasses do Piso Fixo de Vigil\u00e2ncia em Sa\u00fade<\/strong><\/a><br>&nbsp;<br>O encontro virtual tamb\u00e9m foi estrat\u00e9gico para a promo\u00e7\u00e3o da Carta da Sa\u00fade P\u00fablica \u00e0 Popula\u00e7\u00e3o e aos Candidatos e Candidatas \u00e0s Elei\u00e7\u00f5es Municipais no Brasil. A ideia \u00e9 estimular que as bases s\u00f3 dediquem seu voto aos candidatos que tiverem comprometimento com as pautas da Sa\u00fade P\u00fablica.<br>&nbsp;<br>A carta traz a consolida\u00e7\u00e3o do SUS como eixo central das elei\u00e7\u00f5es municipais de 2020, abordando um conjunto de propostas e orienta\u00e7\u00f5es aos eleg\u00edveis, assim como subs\u00eddios. Os conselho evidencia o di\u00e1logo intermitente com institui\u00e7\u00f5es do Legislativo, Executivo e Judici\u00e1rio, al\u00e9m dos movimentos sociais, universidades e conselhos participativos.<\/p>\n\n\n\n<p>Fonte: <a href=\"https:\/\/brasil61.com\/noticias\/cns-se-une-a-estados-para-cobrar-manutencao-do-piso-emergencial-para-combate-a-pandemia-bras202265?email=bethdeoliveira@yahoo.com.br&amp;utm_source=newsletter&amp;utm_medium=newsletter&amp;utm_campaign=newsletter\" target=\"_blank\" rel=\"noreferrer noopener\">Brasil 61<\/a><\/p>\n","protected":false},"excerpt":{"rendered":"<p>O Conselho Nacional de Sa\u00fade (CNS) se reuniu com as 27 representa\u00e7\u00f5es dos Conselhos Estaduais<\/p>\n","protected":false},"author":2,"featured_media":3229,"comment_status":"open","ping_status":"open","sticky":false,"template":"","format":"standard","meta":{"footnotes":""},"categories":[17],"tags":[],"class_list":["post-3228","post","type-post","status-publish","format-standard","has-post-thumbnail","hentry","category-outras-noticias"],"_links":{"self":[{"href":"https:\/\/tvc16.com\/portal\/wp-json\/wp\/v2\/posts\/3228","targetHints":{"allow":["GET"]}}],"collection":[{"href":"https:\/\/tvc16.com\/portal\/wp-json\/wp\/v2\/posts"}],"about":[{"href":"https:\/\/tvc16.com\/portal\/wp-json\/wp\/v2\/types\/post"}],"author":[{"embeddable":true,"href":"https:\/\/tvc16.com\/portal\/wp-json\/wp\/v2\/users\/2"}],"replies":[{"embeddable":true,"href":"https:\/\/tvc16.com\/portal\/wp-json\/wp\/v2\/comments?post=3228"}],"version-history":[{"count":1,"href":"https:\/\/tvc16.com\/portal\/wp-json\/wp\/v2\/posts\/3228\/revisions"}],"predecessor-version":[{"id":3230,"href":"https:\/\/tvc16.com\/portal\/wp-json\/wp\/v2\/posts\/3228\/revisions\/3230"}],"wp:featuredmedia":[{"embeddable":true,"href":"https:\/\/tvc16.com\/portal\/wp-json\/wp\/v2\/media\/3229"}],"wp:attachment":[{"href":"https:\/\/tvc16.com\/portal\/wp-json\/wp\/v2\/media?parent=3228"}],"wp:term":[{"taxonomy":"category","embeddable":true,"href":"https:\/\/tvc16.com\/portal\/wp-json\/wp\/v2\/categories?post=3228"},{"taxonomy":"post_tag","embeddable":true,"href":"https:\/\/tvc16.com\/portal\/wp-json\/wp\/v2\/tags?post=3228"}],"curies":[{"name":"wp","href":"https:\/\/api.w.org\/{rel}","templated":true}]}}