{"id":323,"date":"2020-09-11T01:08:40","date_gmt":"2020-09-11T01:08:40","guid":{"rendered":"https:\/\/tvc16.com\/portal\/?p=323"},"modified":"2020-09-11T01:08:40","modified_gmt":"2020-09-11T01:08:40","slug":"alerj-suspende-cobranca-de-luz-e-agua-para-estabelecimentos-culturais-na-pandemia","status":"publish","type":"post","link":"https:\/\/tvc16.com\/portal\/2020\/09\/11\/alerj-suspende-cobranca-de-luz-e-agua-para-estabelecimentos-culturais-na-pandemia\/","title":{"rendered":"Alerj suspende cobran\u00e7a de luz e \u00e1gua para estabelecimentos culturais na pandemia"},"content":{"rendered":"\n<p>A cobran\u00e7a de servi\u00e7os essenciais ser\u00e1 suspensa para os estabelecimentos culturais enquanto durar a pandemia de coronav\u00edrus. \u00c9 o que define o projeto de lei 2.222\/20, que foi aprovado, em discuss\u00e3o \u00fanica, pela Assembleia Legislativa do Estado do Rio de Janeiro (Alerj), nesta quinta-feira (09\/09). O texto seguir\u00e1 para o governador em exerc\u00edcio, Cl\u00e1udio Castro, que tem at\u00e9 15 dias \u00fateis para sancion\u00e1-lo ou vet\u00e1-lo.<br>A medida estabelece como servi\u00e7os essenciais o fornecimento de \u00e1gua e tratamento de esgoto, energia el\u00e9trica, g\u00e1s natural e servi\u00e7os de telefonia e internet. A suspens\u00e3o ocorrer\u00e1 independentemente das concession\u00e1rias desses servi\u00e7os serem p\u00fablicas ou privadas. As empresas poder\u00e3o negociar a forma de pagamento de d\u00edvidas e prazo de car\u00eancia, desde que a quita\u00e7\u00e3o ocorra em no m\u00e1ximo 12 meses. O governo tamb\u00e9m ficar\u00e1 autorizado a postergar a cobran\u00e7a de impostos estaduais, sobretudo o ICMS, das empresas que promovam atividades culturais, podendo parcelas as d\u00edvidas ap\u00f3s a pandemia.<br>A medida valer\u00e1 para museus, teatros, cinemas, circos, pontos de cultura, galerias de arte, casas de espet\u00e1culos, shows e estabelecimentos similares. S\u00f3 poder\u00e3o ser beneficiados os estabelecimentos enquadrados como microempreendedores individuais (MEI), microempresas ou empresas de pequena porte. As empresas beneficiadas dever\u00e3o manter o n\u00famero de funcion\u00e1rios por um ano.<br>Ascom\/Gustavo Natario e Leon Lucius<\/p>\n","protected":false},"excerpt":{"rendered":"<p>A cobran\u00e7a de servi\u00e7os essenciais ser\u00e1 suspensa para os estabelecimentos culturais enquanto durar a pandemia<\/p>\n","protected":false},"author":1,"featured_media":324,"comment_status":"open","ping_status":"open","sticky":false,"template":"","format":"standard","meta":{"footnotes":""},"categories":[17],"tags":[],"class_list":["post-323","post","type-post","status-publish","format-standard","has-post-thumbnail","hentry","category-outras-noticias"],"_links":{"self":[{"href":"https:\/\/tvc16.com\/portal\/wp-json\/wp\/v2\/posts\/323","targetHints":{"allow":["GET"]}}],"collection":[{"href":"https:\/\/tvc16.com\/portal\/wp-json\/wp\/v2\/posts"}],"about":[{"href":"https:\/\/tvc16.com\/portal\/wp-json\/wp\/v2\/types\/post"}],"author":[{"embeddable":true,"href":"https:\/\/tvc16.com\/portal\/wp-json\/wp\/v2\/users\/1"}],"replies":[{"embeddable":true,"href":"https:\/\/tvc16.com\/portal\/wp-json\/wp\/v2\/comments?post=323"}],"version-history":[{"count":1,"href":"https:\/\/tvc16.com\/portal\/wp-json\/wp\/v2\/posts\/323\/revisions"}],"predecessor-version":[{"id":325,"href":"https:\/\/tvc16.com\/portal\/wp-json\/wp\/v2\/posts\/323\/revisions\/325"}],"wp:featuredmedia":[{"embeddable":true,"href":"https:\/\/tvc16.com\/portal\/wp-json\/wp\/v2\/media\/324"}],"wp:attachment":[{"href":"https:\/\/tvc16.com\/portal\/wp-json\/wp\/v2\/media?parent=323"}],"wp:term":[{"taxonomy":"category","embeddable":true,"href":"https:\/\/tvc16.com\/portal\/wp-json\/wp\/v2\/categories?post=323"},{"taxonomy":"post_tag","embeddable":true,"href":"https:\/\/tvc16.com\/portal\/wp-json\/wp\/v2\/tags?post=323"}],"curies":[{"name":"wp","href":"https:\/\/api.w.org\/{rel}","templated":true}]}}