{"id":3241,"date":"2020-10-19T22:16:12","date_gmt":"2020-10-19T22:16:12","guid":{"rendered":"https:\/\/tvc16.com\/portal\/?p=3241"},"modified":"2020-10-19T22:16:12","modified_gmt":"2020-10-19T22:16:12","slug":"cancer-de-mama-uma-doenca-que-nao-espera-2","status":"publish","type":"post","link":"https:\/\/tvc16.com\/portal\/2020\/10\/19\/cancer-de-mama-uma-doenca-que-nao-espera-2\/","title":{"rendered":"C\u00e2ncer de mama: uma doen\u00e7a que n\u00e3o espera."},"content":{"rendered":"\n<p>O m\u00eas de outubro \u00e9 voltado a falar do c\u00e2ncer de mama, doen\u00e7a que se caracteriza por uma prolifera\u00e7\u00e3o descontrolada de c\u00e9lulas que eram consideradas normais e que t\u00eam a capacidade de se espalhar para todo o corpo. Eles podem acometer de forma diferente, homens e mulheres, com intensidade e manifesta\u00e7\u00f5es que podem se apresentar de diferenciadas formas.<\/p>\n\n\n\n<p>O autoconhecimento \u00e9, segundo os especialistas, a ferramenta essencial para a garantia do diagn\u00f3stico precoce, que aumenta chances de cura. O mastologista Carlos Vin\u00edcius Leite, refor\u00e7a , que manter as consultas m\u00e9dicas de rotina e exames, pelo menos, anualmente, tamb\u00e9m auxilia na descoberta da doen\u00e7a no in\u00edcio.<\/p>\n\n\n\n<p>\u201cNa fase mais precoce da doen\u00e7a, a mulher pode n\u00e3o apresentar nenhum sinal ou sintoma. Por isso a import\u00e2ncia dos exames de imagem, como a mamografia, para o diagn\u00f3stico precoce. No in\u00edcio, ela tamb\u00e9m pode perceber um n\u00f3dulo. Mas h\u00e1 outros ind\u00edcios como, por exemplo, a sa\u00edda de secre\u00e7\u00e3o espont\u00e2nea, transparente ou sanguinolenta, saindo dos mamilos. Temos ainda, as modifica\u00e7\u00f5es que ocorrem na pele e na mama, como feridas que n\u00e3o cicatrizam, as retra\u00e7\u00f5es, coceiras que n\u00e3o melhoram e pra isso, a mulher precisa ter o h\u00e1bito do autoconhecimento\u201d, diz.<\/p>\n\n\n\n<p>Os tratamentos usados na luta contra o c\u00e2ncer de mama s\u00e3o variados e podem exigir quimioterapia, radioterapia, imunoterapia, dentre outros. Em muitos casos, \u00e9 necess\u00e1ria a mastectomia, que \u00e9 a retirada completa da mama. O INCA, Instituto Nacional do C\u00e2ncer, estima que entre 2020 e 2022, surjam 66 mil novos casos da doen\u00e7a por ano. Alguns h\u00e1bitos como alimenta\u00e7\u00e3o balanceada, evitar \u00e1lcool, industrializados e processados, al\u00e9m da pr\u00e1tica de atividade f\u00edsica, podem contribuir para a redu\u00e7\u00e3o dos casos.<\/p>\n\n\n\n<p>For\u00e7a e luta para vencer a doen\u00e7a<\/p>\n\n\n\n<p>Paciente em tratamento e colaboradora da Associa\u00e7\u00e3o Petropolitana dos Pacientes Oncol\u00f3gicos, Clarice Souza, n\u00e3o deixa de sorrir em minuto algum. Ela descobriu atrav\u00e9s do toque das mamas em mar\u00e7o, que tinha algo fora dos padr\u00f5es. E agora, segue na luta, trazendo for\u00e7a e coragem para muitas mulheres.<\/p>\n\n\n\n<p>\u201cN\u00e3o pode perder a for\u00e7a e se isolar. \u00c9 um processo longo, necess\u00e1rio, mas a esperan\u00e7a da cura existe. Importante \u00e9 n\u00e3o deixar pra depois e se conhecer. Descobri no comecinho, estou tratando e creio que breve estarei curada, pois os problemas v\u00eam pra gente vencer\u201d, conta.<\/p>\n\n\n\n<p>Elizabeth Duarte Al Cataldo \u00e9 cabeleireira, j\u00e1 concluiu o tratamento e est\u00e1 se recuperando. Hoje, ela serve como inspira\u00e7\u00e3o para tantas outras mulheres, que assim como ela, sofreram com o medo.<\/p>\n\n\n\n<p>\u201cQuando fui pegar o resultado, estava com muito medo. Tive muita ajuda da psic\u00f3loga, que me ajudou neste per\u00edodo e o contato com os pacientes que tamb\u00e9m enfrentavam essa luta, a esperan\u00e7a que eles tinham, isso me fortaleceu. Ver pessoas que venceram, que vinham as consultas s\u00f3 pra acompanhamento, mas j\u00e1 estavam bem. Isso tudo, ajudou demais. Quando voc\u00ea descobre perde o ch\u00e3o e acha que n\u00e3o vai ter jeito, mas tem sim. A ajuda da fam\u00edlia nesse per\u00edodo tamb\u00e9m foi muito importante\u201d, diz<\/p>\n\n\n\n<p>Os homens tamb\u00e9m podem ser acometidos por esta doen\u00e7a, que atinge 1 em cada 100. Roberto Sereno, tem 63 anos e passou pelo c\u00e2ncer de mama em 2018. Foi em uma consulta com o cardiologista, que ele descobriu as altera\u00e7\u00f5es. Ele chegou a ser submetido a uma mastectomia completa, quimio e radioterapia. E tomou como seu lema a express\u00e3o \u201cvida que segue\u201d.<\/p>\n\n\n\n<p>\u201cA gente n\u00e3o precisa esconder de ningu\u00e9m. Tem que enfrentar, fazer o tratamento e procedimentos necess\u00e1rios. Ou\u00e7o muito meus m\u00e9dicos, fui acompanhado pela APPO, a qual tenho muito carinho e tenho muita gratid\u00e3o. O homem tamb\u00e9m tem que se cuidar, isso \u00e9 muito importante. Uma coisa que fez muita diferen\u00e7a neste per\u00edodo pra mim, tamb\u00e9m foi o apoio da fam\u00edlia, que \u00e9 a base. Quando descobri que estava com c\u00e2ncer, a f\u00e9 foi que me sustentou. Entreguei tudo diante de Deus, meu sofrimento, minhas dores, pois acreditava na minha cura\u201d, pontua.<\/p>\n","protected":false},"excerpt":{"rendered":"<p>O m\u00eas de outubro \u00e9 voltado a falar do c\u00e2ncer de mama, doen\u00e7a que se<\/p>\n","protected":false},"author":2,"featured_media":3242,"comment_status":"open","ping_status":"open","sticky":false,"template":"","format":"standard","meta":{"footnotes":""},"categories":[12],"tags":[],"class_list":["post-3241","post","type-post","status-publish","format-standard","has-post-thumbnail","hentry","category-cidade"],"_links":{"self":[{"href":"https:\/\/tvc16.com\/portal\/wp-json\/wp\/v2\/posts\/3241","targetHints":{"allow":["GET"]}}],"collection":[{"href":"https:\/\/tvc16.com\/portal\/wp-json\/wp\/v2\/posts"}],"about":[{"href":"https:\/\/tvc16.com\/portal\/wp-json\/wp\/v2\/types\/post"}],"author":[{"embeddable":true,"href":"https:\/\/tvc16.com\/portal\/wp-json\/wp\/v2\/users\/2"}],"replies":[{"embeddable":true,"href":"https:\/\/tvc16.com\/portal\/wp-json\/wp\/v2\/comments?post=3241"}],"version-history":[{"count":1,"href":"https:\/\/tvc16.com\/portal\/wp-json\/wp\/v2\/posts\/3241\/revisions"}],"predecessor-version":[{"id":3243,"href":"https:\/\/tvc16.com\/portal\/wp-json\/wp\/v2\/posts\/3241\/revisions\/3243"}],"wp:featuredmedia":[{"embeddable":true,"href":"https:\/\/tvc16.com\/portal\/wp-json\/wp\/v2\/media\/3242"}],"wp:attachment":[{"href":"https:\/\/tvc16.com\/portal\/wp-json\/wp\/v2\/media?parent=3241"}],"wp:term":[{"taxonomy":"category","embeddable":true,"href":"https:\/\/tvc16.com\/portal\/wp-json\/wp\/v2\/categories?post=3241"},{"taxonomy":"post_tag","embeddable":true,"href":"https:\/\/tvc16.com\/portal\/wp-json\/wp\/v2\/tags?post=3241"}],"curies":[{"name":"wp","href":"https:\/\/api.w.org\/{rel}","templated":true}]}}