{"id":3247,"date":"2020-10-20T00:34:26","date_gmt":"2020-10-20T00:34:26","guid":{"rendered":"https:\/\/tvc16.com\/portal\/?p=3247"},"modified":"2020-10-20T00:34:26","modified_gmt":"2020-10-20T00:34:26","slug":"mais-oito-pessoas-morrem-por-covid-19-na-cidade","status":"publish","type":"post","link":"https:\/\/tvc16.com\/portal\/2020\/10\/20\/mais-oito-pessoas-morrem-por-covid-19-na-cidade\/","title":{"rendered":"Mais oito pessoas morrem por Covid-19 na cidade"},"content":{"rendered":"\n<p>A Secretaria Municipal de Sa\u00fade divulgou na tarde desta segunda-feira (19) o novo balan\u00e7o da covid-19 em Petr\u00f3polis. Mais 60 novos casos foram confirmados e oito mortes. Agora, os n\u00famero de infectados na cidade subiu para 7.498, e o de mortos para 257.<\/p>\n\n\n\n<p>As v\u00edtimas fatais s\u00e3o cinco homens e tr\u00eas mulheres, com idades entre 48 e 81 anos, estavam internadas em unidades hospitalares de Petr\u00f3polis. S\u00e3o elas:<\/p>\n\n\n\n<p>1 \u2013 Homem, de 62 anos, morador do Quitandinha. Internou dia 02\/07 e faleceu dia 07\/10 no Hospital Nossa Senhora Aparecida (HNSA). Paciente com hipertens\u00e3o arterial.<\/p>\n\n\n\n<p><br>2 \u2013 Mulher, de 80 anos, moradora do Quissam\u00e3. Internou dia 07\/10 e faleceu dia 08\/10 na Unidade de Pronto Atendimento (UPA) Centro. Paciente com hipertens\u00e3o arterial e diabetes.<\/p>\n\n\n\n<p><br>3 \u2013 Homem, de 64 anos, morador da Posse. Internou dia 01\/10 e faleceu dia 17\/10 no Hospital Municipal Nelson de S\u00e1 Earp (HMNSE). Paciente com epilepsia e doen\u00e7a de Parkinson.<\/p>\n\n\n\n<p><br>4 \u2013 Homem, de 48 anos, morador do Alto da Serra. Internou dia 08\/10 e faleceu no dia 15\/10 no Hospital Municipal Nelson de S\u00e1 Earp (HMNSE). Paciente com hipertens\u00e3o arterial e obesidade.<\/p>\n\n\n\n<p><br>5 \u2013 Mulher, de 81 anos, moradora do Centro. Internou dia 01\/10 e faleceu dia 15\/10 no Hospital Cl\u00ednico de Corr\u00eaas (HCC). Paciente com hipertens\u00e3o arterial.<\/p>\n\n\n\n<p><br>6 \u2013 Homem, 68 anos, morador do Capela. Internou dia 10\/10 e faleceu dia 15\/10 no Hospital Cl\u00ednico de Corr\u00eaas (HCC). Paciente com tumor na pr\u00f3stata.<\/p>\n\n\n\n<p><br>7 \u2013 Homem, morador do Carangola. Internou dia 16\/09 e faleceu dia 16\/10 no Hospital Unimed. Paciente sem idade e comorbidades divulgadas.<\/p>\n\n\n\n<p><br>8 \u2013 Mulher, de 55 anos, moradora da Castel\u00e2nea. Internou dia 12\/10 e faleceu dia 13\/10 no Hospital Unimed. Paciente com diabetes e hipertens\u00e3o arterial.<\/p>\n\n\n\n<p><br>Segundo o boletim epidemiol\u00f3gico, at\u00e9 o momento foram realizados 67.050 testes na cidade. Desses, 59.211 resultaram negativos, 7.498 positivos e 341 est\u00e3o em an\u00e1lise, entre PCR e testes r\u00e1pidos. H\u00e1 37 pacientes internados na cidade, podendo ser casos positivos ou ainda em investiga\u00e7\u00e3o esperando o resultado do teste.<\/p>\n\n\n\n<p>O n\u00famero de pessoas recuperadas da doen\u00e7a \u00e9 de 5.913. Esse n\u00famero se refere \u00e0s pessoas que estiveram internadas nas unidades hospitalares da cidade ou que se mantiveram em isolamento domiciliar e que, hoje, n\u00e3o apresentam mais os principais sintomas da doen\u00e7a.<\/p>\n\n\n\n<p>Nesta segunda-feira (19), o munic\u00edpio contabiliza pelo SUS 16,67% dos leitos cl\u00ednicos e 16,16% de UTI ocupados com pacientes infectados com coronav\u00edrus.<\/p>\n","protected":false},"excerpt":{"rendered":"<p>A Secretaria Municipal de Sa\u00fade divulgou na tarde desta segunda-feira (19) o novo balan\u00e7o da<\/p>\n","protected":false},"author":2,"featured_media":3248,"comment_status":"open","ping_status":"open","sticky":false,"template":"","format":"standard","meta":{"footnotes":""},"categories":[12],"tags":[],"class_list":["post-3247","post","type-post","status-publish","format-standard","has-post-thumbnail","hentry","category-cidade"],"_links":{"self":[{"href":"https:\/\/tvc16.com\/portal\/wp-json\/wp\/v2\/posts\/3247","targetHints":{"allow":["GET"]}}],"collection":[{"href":"https:\/\/tvc16.com\/portal\/wp-json\/wp\/v2\/posts"}],"about":[{"href":"https:\/\/tvc16.com\/portal\/wp-json\/wp\/v2\/types\/post"}],"author":[{"embeddable":true,"href":"https:\/\/tvc16.com\/portal\/wp-json\/wp\/v2\/users\/2"}],"replies":[{"embeddable":true,"href":"https:\/\/tvc16.com\/portal\/wp-json\/wp\/v2\/comments?post=3247"}],"version-history":[{"count":1,"href":"https:\/\/tvc16.com\/portal\/wp-json\/wp\/v2\/posts\/3247\/revisions"}],"predecessor-version":[{"id":3249,"href":"https:\/\/tvc16.com\/portal\/wp-json\/wp\/v2\/posts\/3247\/revisions\/3249"}],"wp:featuredmedia":[{"embeddable":true,"href":"https:\/\/tvc16.com\/portal\/wp-json\/wp\/v2\/media\/3248"}],"wp:attachment":[{"href":"https:\/\/tvc16.com\/portal\/wp-json\/wp\/v2\/media?parent=3247"}],"wp:term":[{"taxonomy":"category","embeddable":true,"href":"https:\/\/tvc16.com\/portal\/wp-json\/wp\/v2\/categories?post=3247"},{"taxonomy":"post_tag","embeddable":true,"href":"https:\/\/tvc16.com\/portal\/wp-json\/wp\/v2\/tags?post=3247"}],"curies":[{"name":"wp","href":"https:\/\/api.w.org\/{rel}","templated":true}]}}