{"id":3257,"date":"2020-10-20T17:28:09","date_gmt":"2020-10-20T17:28:09","guid":{"rendered":"https:\/\/tvc16.com\/portal\/?p=3257"},"modified":"2020-10-20T17:28:09","modified_gmt":"2020-10-20T17:28:09","slug":"obra-no-theatro-dom-pedro-ainda-nao-tem-data-para-ser-retomada","status":"publish","type":"post","link":"https:\/\/tvc16.com\/portal\/2020\/10\/20\/obra-no-theatro-dom-pedro-ainda-nao-tem-data-para-ser-retomada\/","title":{"rendered":"Obra no Theatro Dom Pedro ainda n\u00e3o tem data para ser retomada"},"content":{"rendered":"\n<p>No dia 20 de setembro de 2019 as obras no Theatro Dom Pedro foram anunciadas pela prefeitura. Na \u00e9poca a interven\u00e7\u00e3o foi avaliada em R$ 1.686.000,00, sendo a maior parte da verba proveniente de recursos de emenda parlamentar. A previs\u00e3o era que as obras terminassem em 180 dias, mas desde o in\u00edcio deste ano elas j\u00e1 estavam paralisadas devido a necessidade de readequa\u00e7\u00f5es no projeto original, para que fosse poss\u00edvel garantir acessibilidade em todos os espa\u00e7os.<\/p>\n\n\n\n<p>Nesta segunda-feira (19) a prefeitura informou em nota que avan\u00e7ou na documenta\u00e7\u00e3o para que as obras do Theatro D. Pedro sejam retomadas. O documento precisa de aprova\u00e7\u00f5es tanto da Caixa Econ\u00f4mica Federal, quanto do Inepac (Instituto Estadual do Patrim\u00f4nio Cultural). A documenta\u00e7\u00e3o para a reprograma\u00e7\u00e3o da obra j\u00e1 foi aprovada pelo Inepac e foi entregue para aprova\u00e7\u00e3o da Caixa.<\/p>\n\n\n\n<p>Ainda de acordo com o munic\u00edpio, os andaimes est\u00e3o sendo retirados da fachada do Theatro para evitar custos extras por parte da empresa \u2013 j\u00e1 que o material \u00e9 alugado \u2013 e tamb\u00e9m para evitar vandalismo no pr\u00e9dio. A retirada n\u00e3o interfere na retomada da obra, que seguir\u00e1 inicialmente pela parte interna do teatro, assim que a documenta\u00e7\u00e3o for aprovada pela Caixa.<\/p>\n\n\n\n<p>No projeto est\u00e1 prevista a revitaliza\u00e7\u00e3o da infraestrutura, como a revis\u00e3o das instala\u00e7\u00f5es el\u00e9tricas, recupera\u00e7\u00e3o do sistema de ar condicionado, adequa\u00e7\u00e3o para acessibilidade, conserto de infiltra\u00e7\u00f5es, entre outras melhorias.<\/p>\n\n\n\n<p>Reportagem Thaciana Ferrante <\/p>\n","protected":false},"excerpt":{"rendered":"<p>No dia 20 de setembro de 2019 as obras no Theatro Dom Pedro foram anunciadas<\/p>\n","protected":false},"author":2,"featured_media":3259,"comment_status":"open","ping_status":"open","sticky":false,"template":"","format":"standard","meta":{"footnotes":""},"categories":[12],"tags":[],"class_list":["post-3257","post","type-post","status-publish","format-standard","has-post-thumbnail","hentry","category-cidade"],"_links":{"self":[{"href":"https:\/\/tvc16.com\/portal\/wp-json\/wp\/v2\/posts\/3257","targetHints":{"allow":["GET"]}}],"collection":[{"href":"https:\/\/tvc16.com\/portal\/wp-json\/wp\/v2\/posts"}],"about":[{"href":"https:\/\/tvc16.com\/portal\/wp-json\/wp\/v2\/types\/post"}],"author":[{"embeddable":true,"href":"https:\/\/tvc16.com\/portal\/wp-json\/wp\/v2\/users\/2"}],"replies":[{"embeddable":true,"href":"https:\/\/tvc16.com\/portal\/wp-json\/wp\/v2\/comments?post=3257"}],"version-history":[{"count":1,"href":"https:\/\/tvc16.com\/portal\/wp-json\/wp\/v2\/posts\/3257\/revisions"}],"predecessor-version":[{"id":3260,"href":"https:\/\/tvc16.com\/portal\/wp-json\/wp\/v2\/posts\/3257\/revisions\/3260"}],"wp:featuredmedia":[{"embeddable":true,"href":"https:\/\/tvc16.com\/portal\/wp-json\/wp\/v2\/media\/3259"}],"wp:attachment":[{"href":"https:\/\/tvc16.com\/portal\/wp-json\/wp\/v2\/media?parent=3257"}],"wp:term":[{"taxonomy":"category","embeddable":true,"href":"https:\/\/tvc16.com\/portal\/wp-json\/wp\/v2\/categories?post=3257"},{"taxonomy":"post_tag","embeddable":true,"href":"https:\/\/tvc16.com\/portal\/wp-json\/wp\/v2\/tags?post=3257"}],"curies":[{"name":"wp","href":"https:\/\/api.w.org\/{rel}","templated":true}]}}