{"id":3264,"date":"2020-10-20T17:53:51","date_gmt":"2020-10-20T17:53:51","guid":{"rendered":"https:\/\/tvc16.com\/portal\/?p=3264"},"modified":"2020-10-20T17:54:38","modified_gmt":"2020-10-20T17:54:38","slug":"obra-no-palacio-de-cristal-foi-retomada-mas-ainda-nao-tem-previsao-de-termino","status":"publish","type":"post","link":"https:\/\/tvc16.com\/portal\/2020\/10\/20\/obra-no-palacio-de-cristal-foi-retomada-mas-ainda-nao-tem-previsao-de-termino\/","title":{"rendered":"Obra no Pal\u00e1cio de Cristal foi retomada, mas ainda n\u00e3o tem previs\u00e3o de t\u00e9rmino"},"content":{"rendered":"\n<p>No \u00faltimo dia 5 as obras no Pal\u00e1cio de Cristal, um dos principais pontos tur\u00edsticos de Petr\u00f3polis, foram retomadas. O trabalho come\u00e7ou nos pontos n\u00e3o embargados pelo Instituto do Patrim\u00f4nio Hist\u00f3rico e Art\u00edstico Nacional &#8211; Iphan, como adequa\u00e7\u00e3o do canteiro de obras, reforma da portaria, limpeza do Pal\u00e1cio, entre outros. De acordo com o munic\u00edpio, uma reuni\u00e3o foi realizada entre o \u00f3rg\u00e3o, representantes da prefeitura e da empresa respons\u00e1vel pelo servi\u00e7o para alinhar como ser\u00e1 feito o trabalho nos jardins.<\/p>\n\n\n\n<p>A obra, que j\u00e1 dura mais de um ano, e passou parte de 2020 paralisada foi or\u00e7ada em R$ R$ 1.144.768,83. O atrativo teve os port\u00f5es trancados no dia 27 de janeiro deste ano em fun\u00e7\u00e3o das interven\u00e7\u00f5es que seriam feitas no p\u00e1tio e jardins. Ap\u00f3s o in\u00edcio dos trabalhos, que consistiu na realiza\u00e7\u00e3o de buracos em toda extens\u00e3o da \u00e1rea externa, parte da obra foi embargada pelo Iphan em fevereiro. A medida ocorreu porque as escava\u00e7\u00f5es na parte externa n\u00e3o constavam no projeto aprovado pelo \u00f3rg\u00e3o de preserva\u00e7\u00e3o. Embora o embargo tenha sido parcial, as obras foram totalmente paralisadas, uma vez que a empresa que venceu o processo de licita\u00e7\u00e3o abandonou a interven\u00e7\u00e3o.<\/p>\n\n\n\n<p>Em nota a prefeitura informou que a empresa Engeprat, nova respons\u00e1vel pela obra, j\u00e1 contratou a empresa de arqueologia que enviar\u00e1 um cronograma de trabalhos. A Engeprat, ent\u00e3o, enviar\u00e1 o documento \u00e0 Secretaria de Obras, que reenviar\u00e1 ao Iphan. Ap\u00f3s esse procedimento, o \u00f3rg\u00e3o publicar\u00e1 a portaria de execu\u00e7\u00e3o da arqueologia. Assim que publicada a portaria, o servi\u00e7o nos jardins ser\u00e1 retomado.<\/p>\n\n\n\n<p>H\u00e1 20 anos o Pal\u00e1cio de Cristal n\u00e3o passa por uma grande reforma. O atrativo, que existe h\u00e1 136 anos, \u00e9 um dos principais equipamentos tur\u00edsticos da cidade.<\/p>\n\n\n\n<p><\/p>\n","protected":false},"excerpt":{"rendered":"<p>No \u00faltimo dia 5 as obras no Pal\u00e1cio de Cristal, um dos principais pontos tur\u00edsticos<\/p>\n","protected":false},"author":2,"featured_media":3267,"comment_status":"open","ping_status":"open","sticky":false,"template":"","format":"standard","meta":{"footnotes":""},"categories":[12],"tags":[],"class_list":["post-3264","post","type-post","status-publish","format-standard","has-post-thumbnail","hentry","category-cidade"],"_links":{"self":[{"href":"https:\/\/tvc16.com\/portal\/wp-json\/wp\/v2\/posts\/3264","targetHints":{"allow":["GET"]}}],"collection":[{"href":"https:\/\/tvc16.com\/portal\/wp-json\/wp\/v2\/posts"}],"about":[{"href":"https:\/\/tvc16.com\/portal\/wp-json\/wp\/v2\/types\/post"}],"author":[{"embeddable":true,"href":"https:\/\/tvc16.com\/portal\/wp-json\/wp\/v2\/users\/2"}],"replies":[{"embeddable":true,"href":"https:\/\/tvc16.com\/portal\/wp-json\/wp\/v2\/comments?post=3264"}],"version-history":[{"count":2,"href":"https:\/\/tvc16.com\/portal\/wp-json\/wp\/v2\/posts\/3264\/revisions"}],"predecessor-version":[{"id":3269,"href":"https:\/\/tvc16.com\/portal\/wp-json\/wp\/v2\/posts\/3264\/revisions\/3269"}],"wp:featuredmedia":[{"embeddable":true,"href":"https:\/\/tvc16.com\/portal\/wp-json\/wp\/v2\/media\/3267"}],"wp:attachment":[{"href":"https:\/\/tvc16.com\/portal\/wp-json\/wp\/v2\/media?parent=3264"}],"wp:term":[{"taxonomy":"category","embeddable":true,"href":"https:\/\/tvc16.com\/portal\/wp-json\/wp\/v2\/categories?post=3264"},{"taxonomy":"post_tag","embeddable":true,"href":"https:\/\/tvc16.com\/portal\/wp-json\/wp\/v2\/tags?post=3264"}],"curies":[{"name":"wp","href":"https:\/\/api.w.org\/{rel}","templated":true}]}}