{"id":3270,"date":"2020-10-20T20:20:46","date_gmt":"2020-10-20T20:20:46","guid":{"rendered":"https:\/\/tvc16.com\/portal\/?p=3270"},"modified":"2020-10-20T20:20:46","modified_gmt":"2020-10-20T20:20:46","slug":"brasil-e-banco-americano-assinam-acordo-de-us-1-bi-em-investimentos","status":"publish","type":"post","link":"https:\/\/tvc16.com\/portal\/2020\/10\/20\/brasil-e-banco-americano-assinam-acordo-de-us-1-bi-em-investimentos\/","title":{"rendered":"Brasil e banco americano assinam acordo de US$ 1 bi em investimentos"},"content":{"rendered":"\n<p>Recursos podem ser aplicados em tecnologia 5G e infraestrutura<\/p>\n\n\n\n<h4 class=\"wp-block-heading\">Por Kelly Oliveira e Andreia Verd\u00e9lio \u2013 Rep\u00f3rteres da Ag\u00eancia Brasil &#8211; Bras\u00edlia<\/h4>\n\n\n\n<p>O Banco de Exporta\u00e7\u00e3o e Importa\u00e7\u00e3o dos Estados Unidos (EximBank) e o governo brasileiro assinaram hoje (20) um acordo para investimentos de at\u00e9 US$ 1 bilh\u00e3o (R$ 5,6 bilh\u00f5es) no Brasil.<img decoding=\"async\" src=\"https:\/\/agenciabrasil.ebc.com.br\/ebc.png?id=1391112&amp;o=node\"><img decoding=\"async\" src=\"https:\/\/agenciabrasil.ebc.com.br\/ebc.gif?id=1391112&amp;o=node\"><\/p>\n\n\n\n<p>O Exim e o Minist\u00e9rio da Economia concordam em identificar op\u00e7\u00f5es para usar o financiamento do banco americano nas \u00e1reas de telecomunica\u00e7\u00f5es (incluindo tecnologia 5G, a pr\u00f3xima gera\u00e7\u00e3o de rede de internet m\u00f3vel), energia (incluindo nuclear, petr\u00f3leo e g\u00e1s e renov\u00e1veis), infraestrutura, log\u00edstica, minera\u00e7\u00e3o e manufatura (incluindo aeronaves), de acordo com informa\u00e7\u00f5es da Embaixada dos Estados Unidos no Brasil.<\/p>\n\n\n\n<figure class=\"wp-block-image\"><img decoding=\"async\" src=\"https:\/\/imagens.ebc.com.br\/a_8ZDyzdZx2T4UDvnfEfU-W9rro=\/754x0\/smart\/https:\/\/agenciabrasil.ebc.com.br\/sites\/default\/files\/thumbnails\/image\/50510658417_fe1fd02353_o_1.jpg?itok=ZTT0Ftrb\" alt=\"O  Ministro de Estado da Economia, Paulo Guedes, durante a cerim\u00f4nia de assinatura do memorando, no Itamaraty, em Bras\u00edlia\" title=\"Marcos Correa\/PR\"\/><\/figure>\n\n\n\n<p>O Ministro de Estado da Economia, Paulo Guedes, durante a cerim\u00f4nia de assinatura do memorando, no Itamaraty, em Bras\u00edlia &#8211;&nbsp;<strong>Marcos Correa\/PR<\/strong><\/p>\n\n\n\n<p>Na cerim\u00f4nia de assinatura do memorando, no Itamaraty, em Bras\u00edlia, o ministro da Economia, Paulo Guedes, disse que o Brasil est\u00e1 abrindo os horizontes de investimentos.&nbsp;<\/p>\n\n\n\n<p>\u201cFizemos um acordo com o Mercosul, que estava parado h\u00e1 oito anos, com a Uni\u00e3o Europeia, parado h\u00e1 20 anos, fizemos um acordo com a \u00c1rea de Livre Com\u00e9rcio Europeia. Come\u00e7amos negocia\u00e7\u00f5es com Jap\u00e3o, Coreia do Sul, Canad\u00e1 e chegamos a um grande acordo com os americanos para facilitar o com\u00e9rcio, converg\u00eancia de marcos regulat\u00f3rios e anticorrup\u00e7\u00e3o\u201d, disse Guedes.<\/p>\n\n\n\n<p>Ele acrescentou que o acordo com o Exim \u201cvem no momento exato\u201d em que os horizontes de investimentos em infraestrutura, log\u00edstica, cabotagem, minera\u00e7\u00e3o, petr\u00f3leo e g\u00e1s natural est\u00e3o sendo \u201cdesbloqueados\u201d.&nbsp;<\/p>\n\n\n\n<p>\u201cO Congresso est\u00e1 aprovando passo a passo cada uma dessas regras de moderniza\u00e7\u00e3o do marco de investimentos e estamos trabalhando com os americanos nos organismos internacionais\u201d, ressaltou.<\/p>\n\n\n\n<h2 class=\"wp-block-heading\">OCDE<\/h2>\n\n\n\n<p>Tamb\u00e9m presente na cerim\u00f4nia, o presidente Jair Bolsonaro falou sobre a satisfa\u00e7\u00e3o em receber a comitiva do embaixador Robert O\u2019Brien, conselheiro de Seguran\u00e7a Nacional dos Estados Unidos, e agradeceu o apoio do presidente Donald Trump para a ades\u00e3o do Brasil \u00e0 Organiza\u00e7\u00e3o para a Coopera\u00e7\u00e3o e o Desenvolvimento Econ\u00f4mico (OCDE).<\/p>\n\n\n\n<p>A OCDE re\u00fane os pa\u00edses mais industrializados do mundo e estabelece par\u00e2metros conjuntos de regras econ\u00f4micas e legislativas para os seus membros. Atualmente, o grupo conta com 36 pa\u00edses-membros, a maioria da Europa.&nbsp;<\/p>\n\n\n\n<p>Da Am\u00e9rica Latina, apenas o Chile e o M\u00e9xico est\u00e3o no grupo. Para ingressar como membro, o Brasil deve cumprir uma s\u00e9rie de requisitos, em um processo que leve, em m\u00e9dia, tr\u00eas anos.<\/p>\n\n\n\n<p>Bolsonaro disse ainda que espera comparecer \u00e0 posse para o segundo mandato de Trump, caso ele seja reeleito, nas elei\u00e7\u00f5es que acontecem em novembro nos Estados Unidos. \u201cN\u00e3o interfiro, mas do cora\u00e7\u00e3o e pelo respeito que tenho ao povo americano e pelo trabalho e considera\u00e7\u00e3o que Trump teve para conosco, [\u00e9] que manifesto dessa forma nesse momento\u201d, disse o presidente.<\/p>\n\n\n\n<p>Edi\u00e7\u00e3o: Kleber Sampaio<\/p>\n","protected":false},"excerpt":{"rendered":"<p>Recursos podem ser aplicados em tecnologia 5G e infraestrutura Por Kelly Oliveira e Andreia Verd\u00e9lio<\/p>\n","protected":false},"author":2,"featured_media":3271,"comment_status":"open","ping_status":"open","sticky":false,"template":"","format":"standard","meta":{"footnotes":""},"categories":[14],"tags":[],"class_list":["post-3270","post","type-post","status-publish","format-standard","has-post-thumbnail","hentry","category-pais"],"_links":{"self":[{"href":"https:\/\/tvc16.com\/portal\/wp-json\/wp\/v2\/posts\/3270","targetHints":{"allow":["GET"]}}],"collection":[{"href":"https:\/\/tvc16.com\/portal\/wp-json\/wp\/v2\/posts"}],"about":[{"href":"https:\/\/tvc16.com\/portal\/wp-json\/wp\/v2\/types\/post"}],"author":[{"embeddable":true,"href":"https:\/\/tvc16.com\/portal\/wp-json\/wp\/v2\/users\/2"}],"replies":[{"embeddable":true,"href":"https:\/\/tvc16.com\/portal\/wp-json\/wp\/v2\/comments?post=3270"}],"version-history":[{"count":1,"href":"https:\/\/tvc16.com\/portal\/wp-json\/wp\/v2\/posts\/3270\/revisions"}],"predecessor-version":[{"id":3272,"href":"https:\/\/tvc16.com\/portal\/wp-json\/wp\/v2\/posts\/3270\/revisions\/3272"}],"wp:featuredmedia":[{"embeddable":true,"href":"https:\/\/tvc16.com\/portal\/wp-json\/wp\/v2\/media\/3271"}],"wp:attachment":[{"href":"https:\/\/tvc16.com\/portal\/wp-json\/wp\/v2\/media?parent=3270"}],"wp:term":[{"taxonomy":"category","embeddable":true,"href":"https:\/\/tvc16.com\/portal\/wp-json\/wp\/v2\/categories?post=3270"},{"taxonomy":"post_tag","embeddable":true,"href":"https:\/\/tvc16.com\/portal\/wp-json\/wp\/v2\/tags?post=3270"}],"curies":[{"name":"wp","href":"https:\/\/api.w.org\/{rel}","templated":true}]}}