{"id":3279,"date":"2020-10-20T20:24:02","date_gmt":"2020-10-20T20:24:02","guid":{"rendered":"https:\/\/tvc16.com\/portal\/?p=3279"},"modified":"2020-10-20T20:24:02","modified_gmt":"2020-10-20T20:24:02","slug":"rio-libera-quadras-de-escolas-de-samba-a-partir-de-novembro","status":"publish","type":"post","link":"https:\/\/tvc16.com\/portal\/2020\/10\/20\/rio-libera-quadras-de-escolas-de-samba-a-partir-de-novembro\/","title":{"rendered":"Rio libera quadras de escolas de samba a partir de novembro"},"content":{"rendered":"\n<p>Funcionamento deve obedecer protocolos de preven\u00e7\u00e3o da covid-19<\/p>\n\n\n\n<h4 class=\"wp-block-heading\">Por Cristina Indio do Brasil &#8211; Rep\u00f3rter da Ag\u00eancia Brasil &#8211; Rio de Janeiro<\/h4>\n\n\n\n<p>Eventos em quadras de escolas de samba estar\u00e3o liberados no munic\u00edpio do Rio a partir de 1\u00ba de novembro, data em que a prefeitura definiu como o in\u00edcio do per\u00edodo conservador, que \u00e9 a \u00faltima etapa do Plano de Retomada das Atividades Econ\u00f4micas na capital.<img decoding=\"async\" src=\"https:\/\/agenciabrasil.ebc.com.br\/ebc.png?id=1391091&amp;o=node\"><img decoding=\"async\" src=\"https:\/\/agenciabrasil.ebc.com.br\/ebc.gif?id=1391091&amp;o=node\"><\/p>\n\n\n\n<p>Segundo a prefeitura, o per\u00edodo conservador n\u00e3o tem prazo para terminar. Vai depender do desenvolvimento do combate ao novo coronav\u00edrus e da aprova\u00e7\u00e3o de uma vacina contra a covid-19. O dia pode ser alterado se houver alguma modifica\u00e7\u00e3o nos n\u00edveis de contamina\u00e7\u00e3o e aumento da demanda por leitos na cidade.<\/p>\n\n\n\n<p>O funcionamento das quadras, no entanto, dever\u00e1 ocorrer sem aglomera\u00e7\u00e3o e com todos os protocolos de preven\u00e7\u00e3o da covid-19, com mesas e cadeiras numeradas. A lota\u00e7\u00e3o m\u00e1xima \u00e9 de 50% da capacidade do local. A abertura vale somente para as quadras instaladas no munic\u00edpio do Rio. O funcionamento das quadras de escolas de samba de outras cidades, como a Viradouro, em Niter\u00f3i, na regi\u00e3o metropolitana; a Beija-Flor, em Nil\u00f3polis, e a Grande Rio, em Duque de Caxias, na Baixada Fluminense, depende de decis\u00e3o das prefeituras desses locais.<\/p>\n\n\n\n<p>A libera\u00e7\u00e3o est\u00e1 na revis\u00e3o da Fase 6B do Plano de Retomada das Atividades Econ\u00f4micas, publicada hoje (20) no&nbsp;<em>Di\u00e1rio Oficial do Munic\u00edpio do Rio de Janeiro<\/em>, que altera o decreto anterior da prefeitura do dia 1\u00ba de outubro, que trata desta etapa do planejamento. De acordo com o decreto, as mudan\u00e7as seguem a delibera\u00e7\u00e3o do Comit\u00ea Cient\u00edfico da Prefeitura do Rio de Janeiro, que ocorreu na quinta-feira passada (15).<\/p>\n\n\n\n<p>As rodas de samba j\u00e1 estavam liberadas no decreto anterior, quando foi anunciada a Fase 6B do plano de retomada.<\/p>\n\n\n\n<h2 class=\"wp-block-heading\">Bares e restaurantes<\/h2>\n\n\n\n<p>A partir de 1\u00ba de novembro tamb\u00e9m fica liberado o hor\u00e1rio de funcionamento de lanchonetes, bares e restaurantes, que devem manter mesas com espa\u00e7amento de dois metros, dando prefer\u00eancia aos espa\u00e7os abertos, entre eles varandas, passeios p\u00fablicos, afastamento frontal, estacionamentos.<\/p>\n\n\n\n<p>Antes, os bares e restaurantes s\u00f3 podiam funcionar at\u00e9 1h. Continua vedado o sistema&nbsp;<em>self-service&nbsp;<\/em>nos restaurantes. A capacidade n\u00e3o pode ultrapassar dois ter\u00e7os das mesas nos espa\u00e7os internos. Os quiosques da orla ainda n\u00e3o podem prestar servi\u00e7os na areia da praia. Como j\u00e1 tinha ocorrido no decreto anterior, a m\u00fasica ao vivo est\u00e1 permitida, mas a pista de dan\u00e7a \u00e9 proibida.<\/p>\n\n\n\n<p>O decreto desta ter\u00e7a-feira divulgou a ata da reuni\u00e3o do Comit\u00ea Cient\u00edfico da Prefeitura da Cidade do Rio de Janeiro. O texto informa que ap\u00f3s an\u00e1lise dos dados foram realizadas algumas considera\u00e7\u00f5es e, por unanimidade, o comit\u00ea cient\u00edfico reconheceu que a fase 6B \u201cn\u00e3o provocou impacto nos indicadores, os quais, inclusive, vem evoluindo positivamente depois de seu in\u00edcio. As atividades retomadas nesta fase n\u00e3o foram, at\u00e9 o momento, respons\u00e1veis por impactos sobre o sistema de sa\u00fade na regi\u00e3o Metro I SUS&#8221;.<\/p>\n\n\n\n<p>J\u00e1 com rela\u00e7\u00e3o ao comportamento da popula\u00e7\u00e3o, os \u00f3rg\u00e3os de fiscaliza\u00e7\u00e3o observaram aumento significativo do fluxo de pessoas nas praias descumprindo a proibi\u00e7\u00e3o de perman\u00eancia na areia e a obrigatoriedade de utiliza\u00e7\u00e3o de m\u00e1scaras. Para o comit\u00ea, \u201cas poucas op\u00e7\u00f5es de lazer acabam direcionando um grande n\u00famero de pessoas para as atividades permitidas, o que p\u00f5em em risco o cumprimento dos protocolos\u201d.<\/p>\n\n\n\n<p>Diante da avalia\u00e7\u00e3o, o comit\u00ea chegou ao consenso sobre a necessidade de se criar mais op\u00e7\u00f5es em espa\u00e7os que possam ser controlados com o objetivo de desviar o fluxo dos lugares de dif\u00edcil controle. Sobre a decis\u00e3o anterior de que os bares e os restaurantes funcionassem at\u00e9 1h, entendeu que essa limita\u00e7\u00e3o provocou \u201ca ocorr\u00eancia do com\u00e9rcio ilegal ap\u00f3s este hor\u00e1rio, desordem urbana e o grande ac\u00famulo de lixo\u201d.<\/p>\n\n\n\n<p>Edi\u00e7\u00e3o: Maria Claudia<\/p>\n","protected":false},"excerpt":{"rendered":"<p>Funcionamento deve obedecer protocolos de preven\u00e7\u00e3o da covid-19 Por Cristina Indio do Brasil &#8211; Rep\u00f3rter<\/p>\n","protected":false},"author":2,"featured_media":3280,"comment_status":"open","ping_status":"open","sticky":false,"template":"","format":"standard","meta":{"footnotes":""},"categories":[17],"tags":[],"class_list":["post-3279","post","type-post","status-publish","format-standard","has-post-thumbnail","hentry","category-outras-noticias"],"_links":{"self":[{"href":"https:\/\/tvc16.com\/portal\/wp-json\/wp\/v2\/posts\/3279","targetHints":{"allow":["GET"]}}],"collection":[{"href":"https:\/\/tvc16.com\/portal\/wp-json\/wp\/v2\/posts"}],"about":[{"href":"https:\/\/tvc16.com\/portal\/wp-json\/wp\/v2\/types\/post"}],"author":[{"embeddable":true,"href":"https:\/\/tvc16.com\/portal\/wp-json\/wp\/v2\/users\/2"}],"replies":[{"embeddable":true,"href":"https:\/\/tvc16.com\/portal\/wp-json\/wp\/v2\/comments?post=3279"}],"version-history":[{"count":1,"href":"https:\/\/tvc16.com\/portal\/wp-json\/wp\/v2\/posts\/3279\/revisions"}],"predecessor-version":[{"id":3281,"href":"https:\/\/tvc16.com\/portal\/wp-json\/wp\/v2\/posts\/3279\/revisions\/3281"}],"wp:featuredmedia":[{"embeddable":true,"href":"https:\/\/tvc16.com\/portal\/wp-json\/wp\/v2\/media\/3280"}],"wp:attachment":[{"href":"https:\/\/tvc16.com\/portal\/wp-json\/wp\/v2\/media?parent=3279"}],"wp:term":[{"taxonomy":"category","embeddable":true,"href":"https:\/\/tvc16.com\/portal\/wp-json\/wp\/v2\/categories?post=3279"},{"taxonomy":"post_tag","embeddable":true,"href":"https:\/\/tvc16.com\/portal\/wp-json\/wp\/v2\/tags?post=3279"}],"curies":[{"name":"wp","href":"https:\/\/api.w.org\/{rel}","templated":true}]}}