{"id":3282,"date":"2020-10-20T20:24:56","date_gmt":"2020-10-20T20:24:56","guid":{"rendered":"https:\/\/tvc16.com\/portal\/?p=3282"},"modified":"2020-10-20T20:24:56","modified_gmt":"2020-10-20T20:24:56","slug":"guardiola-assume-culpa-por-dificuldades-do-city-na-liga-dos-campeoes","status":"publish","type":"post","link":"https:\/\/tvc16.com\/portal\/2020\/10\/20\/guardiola-assume-culpa-por-dificuldades-do-city-na-liga-dos-campeoes\/","title":{"rendered":"Guardiola assume culpa por dificuldades do City na Liga dos Campe\u00f5es"},"content":{"rendered":"\n<p>Time estreia em casa contra o Porto nesta quarta-feira, em Manchester<\/p>\n\n\n\n<h4 class=\"wp-block-heading\">Por Manasi Pathak em Chennai &#8211; Manchester<\/h4>\n\n\n\n<p>Pep&nbsp;Guardiola, t\u00e9cnico do Manchester City, disse que ainda se sente respons\u00e1vel pelas dificuldades enfrentadas na Liga dos Campe\u00f5es, cujo t\u00edtulo seu time buscar\u00e1 mais uma vez amanh\u00e3 (21), na estreia contra o Porto, de Portugal, no&nbsp;Etihad Stadium, em partida da primeira rodada da fase de grupos.<img decoding=\"async\" src=\"https:\/\/agenciabrasil.ebc.com.br\/ebc.png?id=1391125&amp;o=node\"><img decoding=\"async\" src=\"https:\/\/agenciabrasil.ebc.com.br\/ebc.gif?id=1391125&amp;o=node\"><\/p>\n\n\n\n<p>Na \u00faltima temporada, o City foi eliminado pelo Olympique de Lyon nas quartas de final; foi a quarta vez consecutiva que o fracassou na mesma fase.<\/p>\n\n\n\n<blockquote class=\"wp-block-quote is-layout-flow wp-block-quote-is-layout-flow\"><p>&#8220;Sinto-me muito respons\u00e1vel por isso&#8221;, disse&nbsp;Guardiola&nbsp;em uma coletiva de imprensa nesta ter\u00e7a-feira. &#8220;Da maneira como o clube e os jogadores lutaram, n\u00e3o fui capaz de incentiv\u00e1-los&#8221;, afirmou. &#8220;A realidade \u00e9 que cada time e t\u00e9cnico t\u00eam que sonhar com grandes expectativas, mas a realidade \u00e9 que n\u00e3o tivemos um desempenho \u00e0 altura&#8221;. E admitiu: &nbsp;&#8220;Sinto-me muito mal pelos jogadores, mas esta \u00e9 uma nova chance e come\u00e7aremos de novo&#8221;.<\/p><\/blockquote>\n\n\n\n<p>O City teve um in\u00edcio de campanha atribulado no Campeonato Ingl\u00eas, levando uma surra de 5 x 2 do visitante Leicester City e empate em 1 a 1&nbsp;com o Leeds United, mas o time de&nbsp;Guardiola&nbsp;recuperou o \u00edmpeto no final de semana com uma vit\u00f3ria de 1 x 0 em casa sobre o Arsenal.<\/p>\n\n\n\n<p>O espanhol espera outro teste duro diante dos camp\u00f5es portugueses.<\/p>\n\n\n\n<blockquote class=\"wp-block-quote is-layout-flow wp-block-quote-is-layout-flow\"><p>&#8220;O Porto \u00e9 um dos times mais fortes de Portugal, sua mentalidade \u00e9 vencer todo final de semana&#8221;, disse&nbsp;Guardiola. &#8220;Precisamos ser mais constantes e melhorar nos pequenos detalhes. A realidade \u00e9 que vencer os jogos em casa \u00e9 muito importante para a classifica\u00e7\u00e3o&#8221;, completou o treinador.<\/p><\/blockquote>\n\n\n\n<p>Kevin De Bruyne, Gabriel Jesus, Aymeric Laporte e Benjamin Mendy est\u00e3o contundidos, mas o zagueiro Oleksandr Zinchenko se recuperou de um problema muscular.<\/p>\n","protected":false},"excerpt":{"rendered":"<p>Time estreia em casa contra o Porto nesta quarta-feira, em Manchester Por Manasi Pathak em<\/p>\n","protected":false},"author":2,"featured_media":3283,"comment_status":"open","ping_status":"open","sticky":false,"template":"","format":"standard","meta":{"footnotes":""},"categories":[20],"tags":[],"class_list":["post-3282","post","type-post","status-publish","format-standard","has-post-thumbnail","hentry","category-esporte"],"_links":{"self":[{"href":"https:\/\/tvc16.com\/portal\/wp-json\/wp\/v2\/posts\/3282","targetHints":{"allow":["GET"]}}],"collection":[{"href":"https:\/\/tvc16.com\/portal\/wp-json\/wp\/v2\/posts"}],"about":[{"href":"https:\/\/tvc16.com\/portal\/wp-json\/wp\/v2\/types\/post"}],"author":[{"embeddable":true,"href":"https:\/\/tvc16.com\/portal\/wp-json\/wp\/v2\/users\/2"}],"replies":[{"embeddable":true,"href":"https:\/\/tvc16.com\/portal\/wp-json\/wp\/v2\/comments?post=3282"}],"version-history":[{"count":1,"href":"https:\/\/tvc16.com\/portal\/wp-json\/wp\/v2\/posts\/3282\/revisions"}],"predecessor-version":[{"id":3284,"href":"https:\/\/tvc16.com\/portal\/wp-json\/wp\/v2\/posts\/3282\/revisions\/3284"}],"wp:featuredmedia":[{"embeddable":true,"href":"https:\/\/tvc16.com\/portal\/wp-json\/wp\/v2\/media\/3283"}],"wp:attachment":[{"href":"https:\/\/tvc16.com\/portal\/wp-json\/wp\/v2\/media?parent=3282"}],"wp:term":[{"taxonomy":"category","embeddable":true,"href":"https:\/\/tvc16.com\/portal\/wp-json\/wp\/v2\/categories?post=3282"},{"taxonomy":"post_tag","embeddable":true,"href":"https:\/\/tvc16.com\/portal\/wp-json\/wp\/v2\/tags?post=3282"}],"curies":[{"name":"wp","href":"https:\/\/api.w.org\/{rel}","templated":true}]}}