{"id":3285,"date":"2020-10-20T20:29:40","date_gmt":"2020-10-20T20:29:40","guid":{"rendered":"https:\/\/tvc16.com\/portal\/?p=3285"},"modified":"2020-10-20T20:29:40","modified_gmt":"2020-10-20T20:29:40","slug":"tres-municipios-do-rio-suspendem-aulas-presenciais-a-partir-de-hoje","status":"publish","type":"post","link":"https:\/\/tvc16.com\/portal\/2020\/10\/20\/tres-municipios-do-rio-suspendem-aulas-presenciais-a-partir-de-hoje\/","title":{"rendered":"Tr\u00eas munic\u00edpios do Rio suspendem aulas presenciais a partir de hoje"},"content":{"rendered":"\n<p>Cidades passaram para a bandeira laranja (risco moderado)<\/p>\n\n\n\n<h4 class=\"wp-block-heading\">Por Vitor Abdala &#8211; Rep\u00f3rter da Ag\u00eancia Brasil &#8211; Rio de Janeiro<\/h4>\n\n\n\n<p>As aulas presenciais da rede estadual de educa\u00e7\u00e3o foram suspensas em tr\u00eas munic\u00edpios do norte fluminense&nbsp;a partir de&nbsp;hoje&nbsp;(20), um dia depois da retomada das atividades presenciais para alunos do 3\u00ba ano do ensino m\u00e9dio e do 4\u00ba m\u00f3dulo de Educa\u00e7\u00e3o de Jovens e Adultos (EJA).<img decoding=\"async\" src=\"https:\/\/agenciabrasil.ebc.com.br\/ebc.png?id=1391076&amp;o=node\"><img decoding=\"async\" src=\"https:\/\/agenciabrasil.ebc.com.br\/ebc.gif?id=1391076&amp;o=node\"><\/p>\n\n\n\n<p>A decis\u00e3o de suspender as aulas presenciais nos munic\u00edpios de Maca\u00e9, S\u00e3o Francisco de Itabapoana e Carapebus foi tomada depois que os munic\u00edpios passaram para a bandeira laranja (risco moderado para cont\u00e1gio de covid-19). As atividades continuam de forma remota.<\/p>\n\n\n\n<p>Com isso, as aulas s\u00e3o mantidas&nbsp;em&nbsp;13 munic\u00edpios, que est\u00e3o em bandeira amarela (risco baixo): Casimiro de Abreu; Duque de Caxias; Italva; Itatiaia; Mesquita; Miracema; Natividade; Nil\u00f3polis; Niter\u00f3i; Pira\u00ed; Rio&nbsp;de Janeiro; S\u00e3o Pedro da Aldeia e Serop\u00e9dica.<\/p>\n\n\n\n<p>Ao todo, s\u00e3o 397 escolas estaduais, que atendem a 60,8 mil alunos de 3\u00ba ano de ensino m\u00e9dio e quarto m\u00f3dulo de EJA.<\/p>\n\n\n\n<p>Edi\u00e7\u00e3o: Gra\u00e7a Adjuto<\/p>\n","protected":false},"excerpt":{"rendered":"<p>Cidades passaram para a bandeira laranja (risco moderado) Por Vitor Abdala &#8211; Rep\u00f3rter da Ag\u00eancia<\/p>\n","protected":false},"author":2,"featured_media":3286,"comment_status":"open","ping_status":"open","sticky":false,"template":"","format":"standard","meta":{"footnotes":""},"categories":[19],"tags":[],"class_list":["post-3285","post","type-post","status-publish","format-standard","has-post-thumbnail","hentry","category-educacao"],"_links":{"self":[{"href":"https:\/\/tvc16.com\/portal\/wp-json\/wp\/v2\/posts\/3285","targetHints":{"allow":["GET"]}}],"collection":[{"href":"https:\/\/tvc16.com\/portal\/wp-json\/wp\/v2\/posts"}],"about":[{"href":"https:\/\/tvc16.com\/portal\/wp-json\/wp\/v2\/types\/post"}],"author":[{"embeddable":true,"href":"https:\/\/tvc16.com\/portal\/wp-json\/wp\/v2\/users\/2"}],"replies":[{"embeddable":true,"href":"https:\/\/tvc16.com\/portal\/wp-json\/wp\/v2\/comments?post=3285"}],"version-history":[{"count":1,"href":"https:\/\/tvc16.com\/portal\/wp-json\/wp\/v2\/posts\/3285\/revisions"}],"predecessor-version":[{"id":3287,"href":"https:\/\/tvc16.com\/portal\/wp-json\/wp\/v2\/posts\/3285\/revisions\/3287"}],"wp:featuredmedia":[{"embeddable":true,"href":"https:\/\/tvc16.com\/portal\/wp-json\/wp\/v2\/media\/3286"}],"wp:attachment":[{"href":"https:\/\/tvc16.com\/portal\/wp-json\/wp\/v2\/media?parent=3285"}],"wp:term":[{"taxonomy":"category","embeddable":true,"href":"https:\/\/tvc16.com\/portal\/wp-json\/wp\/v2\/categories?post=3285"},{"taxonomy":"post_tag","embeddable":true,"href":"https:\/\/tvc16.com\/portal\/wp-json\/wp\/v2\/tags?post=3285"}],"curies":[{"name":"wp","href":"https:\/\/api.w.org\/{rel}","templated":true}]}}