{"id":329,"date":"2020-09-11T01:11:02","date_gmt":"2020-09-11T01:11:02","guid":{"rendered":"https:\/\/tvc16.com\/portal\/?p=329"},"modified":"2020-09-11T01:11:02","modified_gmt":"2020-09-11T01:11:02","slug":"vendas-do-comercio-crescem-52-de-junho-para-julho-diz-ibge","status":"publish","type":"post","link":"https:\/\/tvc16.com\/portal\/2020\/09\/11\/vendas-do-comercio-crescem-52-de-junho-para-julho-diz-ibge\/","title":{"rendered":"Vendas do com\u00e9rcio crescem 5,2% de junho para julho, diz IBGE"},"content":{"rendered":"\n<p>Essa \u00e9 a terceira alta consecutiva do indicador<br>Share on WhatsApp Share on Facebook Share on Twitter Share on Linkedin<br>Publicado em 10\/09\/2020 &#8211; 09:59 Por Vitor Abdala &#8211; Rep\u00f3rter da Ag\u00eancia Brasil &#8211; Rio de Janeiro<br>O volume de vendas do com\u00e9rcio varejista teve alta de 5,2% na passagem de junho para julho deste ano, segundo dados da Pesquisa Mensal do Com\u00e9rcio (PMC), divulgados hoje (10) pelo Instituto Brasileiro de Geografia e Estat\u00edstica (IBGE). Essa \u00e9 a terceira alta consecutiva do indicador, que cresceu 8,5% em junho e 13,3% em maio, e o melhor resultado para o m\u00eas, desde o in\u00edcio da s\u00e9rie hist\u00f3rica, em 2000.<\/p>\n\n\n\n<p>Segundo o IBGE, depois das quedas de 2,4% em mar\u00e7o e de 16,6% em abril, devido \u00e0 pandemia de covid-19, os tr\u00eas resultados positivos (maio, junho e julho) conseguiram recuperar as perdas com o isolamento social provocado pela doen\u00e7a.<\/p>\n\n\n\n<p>O volume de vendas tamb\u00e9m teve altas de 8,7% na m\u00e9dia m\u00f3vel trimestral, de 5,5% na compara\u00e7\u00e3o com julho de 2019 e de 0,2% no acumulado de 12 meses. No acumulado do ano, no entanto, ainda apresenta queda (-1,8%).<\/p>\n\n\n\n<p>Em julho, houve alta no volume de vendas em sete das oito atividades pesquisadas: livros, jornais, revistas e papelaria (26,1%), tecidos, vestu\u00e1rio e cal\u00e7ados (25,2%), equipamentos e material para escrit\u00f3rio, inform\u00e1tica e comunica\u00e7\u00e3o (11,4%), artigos farmac\u00eauticos, m\u00e9dicos, ortop\u00e9dicos, de perfumaria e cosm\u00e9ticos (7,1%), combust\u00edveis e lubrificantes (6,2%), outros artigos de uso pessoal e dom\u00e9stico (5,0%) e m\u00f3veis e eletrodom\u00e9sticos (4,5%).<\/p>\n\n\n\n<p>O setor de supermercados, alimentos, bebidas e fumo manteve-se est\u00e1vel em rela\u00e7\u00e3o ao m\u00eas anterior.<\/p>\n\n\n\n<p>O varejo ampliado, que inclui tamb\u00e9m os segmentos de materiais de constru\u00e7\u00e3o e de ve\u00edculos e pe\u00e7as, cresceu, 7,2% na passagem de junho para julho. O setor de ve\u00edculos, motos, partes e pe\u00e7as teve alta de 13,2%, enquanto material de constru\u00e7\u00e3o avan\u00e7ou 6,7%.<\/p>\n\n\n\n<p>\u201cComo o indicador despencou de fevereiro at\u00e9 abril, a base ficou muito baixa e essa recupera\u00e7\u00e3o vem trazendo todos os indicadores para os n\u00edveis pr\u00e9-pandemia. Alguns setores est\u00e3o bem acima dos n\u00edveis de fevereiro, como m\u00f3veis e eletrodom\u00e9sticos (16,9% acima), hiper e supermercados (8,9%) e artigos farmac\u00eauticos (7,3%), al\u00e9m dos materiais de constru\u00e7\u00e3o (13,9%), no varejo ampliado\u201d, afirma o gerente da pesquisa, Cristiano Santos.<\/p>\n\n\n\n<p>O varejo ampliado tamb\u00e9m teve crescimentos de 11,2% na m\u00e9dia m\u00f3vel trimestral e de 1,6% na compara\u00e7\u00e3o com julho de 2019. Nos acumulados do ano e dos \u00faltimos 12 meses, no entanto, houve perdas de 6,2% e 1,9%, respectivamente.<\/p>\n\n\n\n<p>A receita nominal do varejo teve altas de 5,7% na compara\u00e7\u00e3o com junho deste ano, de 8,6% na m\u00e9dia m\u00f3vel trimestral, de 8,8% em rela\u00e7\u00e3o a julho do ano passado, de 1,4% no acumulado do ano e de 3% no acumulado de 12 meses.<\/p>\n\n\n\n<p>J\u00e1 a receita do varejo ampliado teve altas de 8,4% na compara\u00e7\u00e3o com junho deste ano, de 11,3% na m\u00e9dia m\u00f3vel trimestral, de 4,9% na compara\u00e7\u00e3o com julho de 2019 e de 0,7% no acumulado de 12 meses. No acumulado do ano, houve queda de 3,1%.<\/p>\n\n\n\n<p>Edi\u00e7\u00e3o: Val\u00e9ria Aguiar<\/p>\n","protected":false},"excerpt":{"rendered":"<p>Essa \u00e9 a terceira alta consecutiva do indicadorShare on WhatsApp Share on Facebook Share on<\/p>\n","protected":false},"author":1,"featured_media":330,"comment_status":"open","ping_status":"open","sticky":false,"template":"","format":"standard","meta":{"footnotes":""},"categories":[17],"tags":[],"class_list":["post-329","post","type-post","status-publish","format-standard","has-post-thumbnail","hentry","category-outras-noticias"],"_links":{"self":[{"href":"https:\/\/tvc16.com\/portal\/wp-json\/wp\/v2\/posts\/329","targetHints":{"allow":["GET"]}}],"collection":[{"href":"https:\/\/tvc16.com\/portal\/wp-json\/wp\/v2\/posts"}],"about":[{"href":"https:\/\/tvc16.com\/portal\/wp-json\/wp\/v2\/types\/post"}],"author":[{"embeddable":true,"href":"https:\/\/tvc16.com\/portal\/wp-json\/wp\/v2\/users\/1"}],"replies":[{"embeddable":true,"href":"https:\/\/tvc16.com\/portal\/wp-json\/wp\/v2\/comments?post=329"}],"version-history":[{"count":1,"href":"https:\/\/tvc16.com\/portal\/wp-json\/wp\/v2\/posts\/329\/revisions"}],"predecessor-version":[{"id":331,"href":"https:\/\/tvc16.com\/portal\/wp-json\/wp\/v2\/posts\/329\/revisions\/331"}],"wp:featuredmedia":[{"embeddable":true,"href":"https:\/\/tvc16.com\/portal\/wp-json\/wp\/v2\/media\/330"}],"wp:attachment":[{"href":"https:\/\/tvc16.com\/portal\/wp-json\/wp\/v2\/media?parent=329"}],"wp:term":[{"taxonomy":"category","embeddable":true,"href":"https:\/\/tvc16.com\/portal\/wp-json\/wp\/v2\/categories?post=329"},{"taxonomy":"post_tag","embeddable":true,"href":"https:\/\/tvc16.com\/portal\/wp-json\/wp\/v2\/tags?post=329"}],"curies":[{"name":"wp","href":"https:\/\/api.w.org\/{rel}","templated":true}]}}